{"id":51847,"date":"2022-01-14T13:46:32","date_gmt":"2022-01-14T15:46:32","guid":{"rendered":"http:\/\/www2.comunitaria.com.br\/?p=51847"},"modified":"2022-01-14T13:46:32","modified_gmt":"2022-01-14T15:46:32","slug":"camara-de-fw-realiza-primeira-sessao-de-2022","status":"publish","type":"post","link":"https:\/\/www2.comunitaria.com.br\/en\/camara-de-fw-realiza-primeira-sessao-de-2022\/","title":{"rendered":"C\u00e2mara de FW realiza primeira sess\u00e3o de 2022"},"content":{"rendered":"<p>Os vereadores da 17\u00aa legislatura se re\u00fanem nesta sexta-feira, 14, a partir das 19 horas, em sess\u00e3o extraordin\u00e1ria, para deliberar sobre diversas proposi\u00e7\u00f5es importantes, dentre elas a reposi\u00e7\u00e3o salarial dos servidores e agentes pol\u00edticos, de acordo com os \u00edndices acordados entre executivo e Sindicato dos Servidores Municipais de Frederico Westphalen (Sindisfred) e encaminhado em projeto de lei para o legislativo.<\/p>\n<p>Tamb\u00e9m est\u00e3o na pauta de vota\u00e7\u00e3o a cria\u00e7\u00e3o do Cart\u00e3o Aux\u00edlio-Alimenta\u00e7\u00e3o, anistia das d\u00edvidas do Programa de Incentivo aos Produtores Rurais, o programa de incentivo e apoio ao Futebol Profissional e a Cria\u00e7\u00e3o da Escolinha Municipal de Esportes.<\/p>","protected":false},"excerpt":{"rendered":"<p>Os vereadores da 17\u00aa legislatura se re\u00fanem nesta sexta-feira, 14, a partir das 19 horas, em sess\u00e3o extraordin\u00e1ria, para deliberar sobre diversas proposi\u00e7\u00f5es importantes, dentre elas a reposi\u00e7\u00e3o salarial dos&#8230;<\/p>","protected":false},"author":2,"featured_media":49551,"comment_status":"open","ping_status":"closed","sticky":false,"template":"","format":"standard","meta":{"ngg_post_thumbnail":0,"footnotes":""},"categories":[42,33,38],"tags":[],"class_list":["post-51847","post","type-post","status-publish","format-standard","has-post-thumbnail","hentry","category-fred-west","category-noticias","category-politica"],"amp_enabled":true,"_links":{"self":[{"href":"https:\/\/www2.comunitaria.com.br\/en\/wp-json\/wp\/v2\/posts\/51847","targetHints":{"allow":["GET"]}}],"collection":[{"href":"https:\/\/www2.comunitaria.com.br\/en\/wp-json\/wp\/v2\/posts"}],"about":[{"href":"https:\/\/www2.comunitaria.com.br\/en\/wp-json\/wp\/v2\/types\/post"}],"author":[{"embeddable":true,"href":"https:\/\/www2.comunitaria.com.br\/en\/wp-json\/wp\/v2\/users\/2"}],"replies":[{"embeddable":true,"href":"https:\/\/www2.comunitaria.com.br\/en\/wp-json\/wp\/v2\/comments?post=51847"}],"version-history":[{"count":0,"href":"https:\/\/www2.comunitaria.com.br\/en\/wp-json\/wp\/v2\/posts\/51847\/revisions"}],"wp:featuredmedia":[{"embeddable":true,"href":"https:\/\/www2.comunitaria.com.br\/en\/wp-json\/wp\/v2\/media\/49551"}],"wp:attachment":[{"href":"https:\/\/www2.comunitaria.com.br\/en\/wp-json\/wp\/v2\/media?parent=51847"}],"wp:term":[{"taxonomy":"category","embeddable":true,"href":"https:\/\/www2.comunitaria.com.br\/en\/wp-json\/wp\/v2\/categories?post=51847"},{"taxonomy":"post_tag","embeddable":true,"href":"https:\/\/www2.comunitaria.com.br\/en\/wp-json\/wp\/v2\/tags?post=51847"}],"curies":[{"name":"wp","href":"https:\/\/api.w.org\/{rel}","templated":true}]}}