{"id":51680,"date":"2022-01-05T15:07:14","date_gmt":"2022-01-05T17:07:14","guid":{"rendered":"http:\/\/www2.comunitaria.com.br\/?p=51680"},"modified":"2022-01-05T15:07:14","modified_gmt":"2022-01-05T17:07:14","slug":"rs-confirma-primeiro-caso-de-infeccao-simultanea-por-covid-e-influenza","status":"publish","type":"post","link":"https:\/\/www2.comunitaria.com.br\/en\/rs-confirma-primeiro-caso-de-infeccao-simultanea-por-covid-e-influenza\/","title":{"rendered":"RS confirma primeiro caso de infec\u00e7\u00e3o simult\u00e2nea por Covid e influenza"},"content":{"rendered":"<p>O primeiro caso de detec\u00e7\u00e3o simult\u00e2nea dos v\u00edrus influenza H3N2 e coronav\u00edrus no Rio Grande do Sul foi confirmado pelo Laborat\u00f3rio Central do Estado (Lacen), nesta quarta-feira, 5. O paciente \u00e9 um homem de 21 anos, residente de Porto Alegre, que apresentou sintomas gripais leves e n\u00e3o precisou de hospitaliza\u00e7\u00e3o.<br \/>\nSegundo a Secretaria Estadual da Sa\u00fade (SES), ele tomou a primeira dose da vacina contra a Covid, mas n\u00e3o tomou a segunda. As equipes investigam se ele se imunizou contra a gripe.<br \/>\nO paciente n\u00e3o tem comorbidades. Foi atendido no dia 23 de dezembro, com dor no corpo, dor de cabe\u00e7a e febre. O resultado do exame PCR saiu no dia 28. Ele se recupera em casa.<\/p>\n<p>A vacina\u00e7\u00e3o contra a gripe segue dispon\u00edvel nos munic\u00edpios que possuam doses em estoque. Todas pessoas acima dos 6 meses de idade podem fazer a vacina.<br \/>\nDesde o in\u00edcio de dezembro, o Lacen j\u00e1 identificou 116 casos de Influenza A-H3N2, incluindo entre eles dois \u00f3bitos, sendo um na Capital e outro em S\u00e3o Francisco de Paula.<\/p>","protected":false},"excerpt":{"rendered":"<p>O primeiro caso de detec\u00e7\u00e3o simult\u00e2nea dos v\u00edrus influenza H3N2 e coronav\u00edrus no Rio Grande do Sul foi confirmado pelo Laborat\u00f3rio Central do Estado (Lacen), nesta quarta-feira, 5. O paciente \u00e9 um homem de 21 anos, residente de Porto Alegre, que apresentou sintomas gripais leves e n\u00e3o precisou de hospitaliza\u00e7\u00e3o. Segundo a Secretaria Estadual da<\/p>\n<div class=\"read-more-wrapper\"><a class=\"read-more\" href=\"https:\/\/www2.comunitaria.com.br\/en\/rs-confirma-primeiro-caso-de-infeccao-simultanea-por-covid-e-influenza\/\" title=\"Read More\"> <span class=\"button\">Read More<\/span><\/a><\/div>","protected":false},"author":2,"featured_media":46960,"comment_status":"open","ping_status":"closed","sticky":false,"template":"","format":"standard","meta":{"ngg_post_thumbnail":0,"footnotes":""},"categories":[46,28,37],"tags":[],"class_list":["post-51680","post","type-post","status-publish","format-standard","has-post-thumbnail","hentry","category-estado","category-destaque","category-saude"],"amp_enabled":true,"_links":{"self":[{"href":"https:\/\/www2.comunitaria.com.br\/en\/wp-json\/wp\/v2\/posts\/51680","targetHints":{"allow":["GET"]}}],"collection":[{"href":"https:\/\/www2.comunitaria.com.br\/en\/wp-json\/wp\/v2\/posts"}],"about":[{"href":"https:\/\/www2.comunitaria.com.br\/en\/wp-json\/wp\/v2\/types\/post"}],"author":[{"embeddable":true,"href":"https:\/\/www2.comunitaria.com.br\/en\/wp-json\/wp\/v2\/users\/2"}],"replies":[{"embeddable":true,"href":"https:\/\/www2.comunitaria.com.br\/en\/wp-json\/wp\/v2\/comments?post=51680"}],"version-history":[{"count":0,"href":"https:\/\/www2.comunitaria.com.br\/en\/wp-json\/wp\/v2\/posts\/51680\/revisions"}],"wp:featuredmedia":[{"embeddable":true,"href":"https:\/\/www2.comunitaria.com.br\/en\/wp-json\/wp\/v2\/media\/46960"}],"wp:attachment":[{"href":"https:\/\/www2.comunitaria.com.br\/en\/wp-json\/wp\/v2\/media?parent=51680"}],"wp:term":[{"taxonomy":"category","embeddable":true,"href":"https:\/\/www2.comunitaria.com.br\/en\/wp-json\/wp\/v2\/categories?post=51680"},{"taxonomy":"post_tag","embeddable":true,"href":"https:\/\/www2.comunitaria.com.br\/en\/wp-json\/wp\/v2\/tags?post=51680"}],"curies":[{"name":"wp","href":"https:\/\/api.w.org\/{rel}","templated":true}]}}