{"id":51607,"date":"2022-01-03T10:06:27","date_gmt":"2022-01-03T12:06:27","guid":{"rendered":"http:\/\/www2.comunitaria.com.br\/?p=51607"},"modified":"2022-01-03T10:06:27","modified_gmt":"2022-01-03T12:06:27","slug":"banqueiros-e-empresarios-desistem-da-3a-via-e-veem-lula-mais-capaz-de-consertar-estragos-na-economia","status":"publish","type":"post","link":"https:\/\/www2.comunitaria.com.br\/en\/banqueiros-e-empresarios-desistem-da-3a-via-e-veem-lula-mais-capaz-de-consertar-estragos-na-economia\/","title":{"rendered":"Banqueiros e empres\u00e1rios desistem da 3\u00aa via e veem Lula mais capaz de \u2018consertar estragos\u2019 na economia"},"content":{"rendered":"<p>A classe empresarial de banqueiros, empres\u00e1rios e gestores atualmente n\u00e3o acredita na possibilidade do fortalecimento da terceira via de candidatura para as elei\u00e7\u00f5es de 2022.<\/p>\n<p>Sob anonimato a Folha de S. Paulo conversou com representantes e eles veem a disputa&nbsp; entre Lula (PT) e Bolsonaro (PL). O grupo ainda demonstra favoritismo petista.<\/p>\n<p>MOTIVA\u00c7\u00c3O<\/p>\n<p>Dois motivos fazem a classe &#8220;desistir da terceira via&#8221;. O primeiro \u00e9 a conturbada pr\u00e9via do PSDB, a expectativa no mercado era que Eduardo Leite fosse escolhido e n\u00e3o D\u00f3ria.&nbsp; E o segundo motivo \u00e9 o lan\u00e7amento da candidatura de Sergio Moto (Podemos).&nbsp; Para eles al\u00e9m de uma candidatura precoce, Moro desistir\u00e1 antes do pleito e ir\u00e1 atr\u00e1s de uma cadeira no Senado.&nbsp;<\/p>\n<p>MELHOR CANDIDATO PARA RESOLVER PROBLEMAS DO PA\u00cdS<\/p>\n<p>Questionados sobre quem seria o melhor candidato para resolver a economia, os banqueiros consultados acham &#8220;Lula mais apto&#8221;. Disseram n\u00e3o concordar com pol\u00edticos como o aumento de benef\u00edcios sociais, nem um direcionamento mais populista. Apesar disso, avaliam que o retorno do ex-presidente ao Poder sinalizaria ao mercado financeiro um \u2018compromisso de recupera\u00e7\u00e3o fiscal\u2019, considerado positivo.<\/p>\n<p>DIVIS\u00c3O<\/p>\n<p>Entre o empresariado, o apoio a Lula estaria mais dividido, segundo o jornal. Tanto o setor produtivo quanto o agroneg\u00f3cio ainda se mant\u00e9m ao lado de Bolsonaro, mas teriam sinalizado uma mudan\u00e7a de lado caso o segundo turno seja contra o petista.<\/p>","protected":false},"excerpt":{"rendered":"<p>A classe empresarial de banqueiros, empres\u00e1rios e gestores atualmente n\u00e3o acredita na possibilidade do fortalecimento da terceira via de candidatura para as elei\u00e7\u00f5es de 2022. Sob anonimato a Folha de&#8230;<\/p>","protected":false},"author":2,"featured_media":37681,"comment_status":"open","ping_status":"closed","sticky":false,"template":"","format":"standard","meta":{"ngg_post_thumbnail":0,"footnotes":""},"categories":[47,6173,28,33],"tags":[],"class_list":["post-51607","post","type-post","status-publish","format-standard","has-post-thumbnail","hentry","category-brasil","category-eleicoes-2022","category-destaque","category-noticias"],"amp_enabled":true,"_links":{"self":[{"href":"https:\/\/www2.comunitaria.com.br\/en\/wp-json\/wp\/v2\/posts\/51607","targetHints":{"allow":["GET"]}}],"collection":[{"href":"https:\/\/www2.comunitaria.com.br\/en\/wp-json\/wp\/v2\/posts"}],"about":[{"href":"https:\/\/www2.comunitaria.com.br\/en\/wp-json\/wp\/v2\/types\/post"}],"author":[{"embeddable":true,"href":"https:\/\/www2.comunitaria.com.br\/en\/wp-json\/wp\/v2\/users\/2"}],"replies":[{"embeddable":true,"href":"https:\/\/www2.comunitaria.com.br\/en\/wp-json\/wp\/v2\/comments?post=51607"}],"version-history":[{"count":0,"href":"https:\/\/www2.comunitaria.com.br\/en\/wp-json\/wp\/v2\/posts\/51607\/revisions"}],"wp:featuredmedia":[{"embeddable":true,"href":"https:\/\/www2.comunitaria.com.br\/en\/wp-json\/wp\/v2\/media\/37681"}],"wp:attachment":[{"href":"https:\/\/www2.comunitaria.com.br\/en\/wp-json\/wp\/v2\/media?parent=51607"}],"wp:term":[{"taxonomy":"category","embeddable":true,"href":"https:\/\/www2.comunitaria.com.br\/en\/wp-json\/wp\/v2\/categories?post=51607"},{"taxonomy":"post_tag","embeddable":true,"href":"https:\/\/www2.comunitaria.com.br\/en\/wp-json\/wp\/v2\/tags?post=51607"}],"curies":[{"name":"wp","href":"https:\/\/api.w.org\/{rel}","templated":true}]}}