{"id":51274,"date":"2021-12-15T17:48:46","date_gmt":"2021-12-15T19:48:46","guid":{"rendered":"http:\/\/www2.comunitaria.com.br\/?p=51274"},"modified":"2021-12-15T17:50:15","modified_gmt":"2021-12-15T19:50:15","slug":"confira-o-primeiro-video-da-campanha-natal-feliz","status":"publish","type":"post","link":"https:\/\/www2.comunitaria.com.br\/en\/confira-o-primeiro-video-da-campanha-natal-feliz\/","title":{"rendered":"Confira o primeiro v\u00eddeo da campanha &#8220;Natal Feliz&#8221;"},"content":{"rendered":"<p>Para que voc\u00ea possa se inspirar e participar da nossa campanha &#8220;Natal Feliz&#8221;, iniciaremos com o recado da nossa amiguinha Stella Porsche Telles, de quatro anos de idade! ?<\/p>\n<p>Ficamos no aguardo do v\u00eddeo do seu pequeno (a), encaminhe para o whatsapp da R\u00e1dio Comunit\u00e1ria: (55) 9 9669-8790<\/p>\n<p><a href=\"https:\/\/www.facebook.com\/comunitariafw\/videos\/1447172952343940\/\">Clique aqui<\/a><\/p>","protected":false},"excerpt":{"rendered":"<p>Para que voc\u00ea possa se inspirar e participar da nossa campanha &#8220;Natal Feliz&#8221;, iniciaremos com o recado da nossa amiguinha Stella Porsche Telles, de quatro anos de idade! ? Ficamos no aguardo do v\u00eddeo do seu pequeno (a), encaminhe para o whatsapp da R\u00e1dio Comunit\u00e1ria: (55) 9 9669-8790 Clique aqui<\/p>\n<div class=\"read-more-wrapper\"><a class=\"read-more\" href=\"https:\/\/www2.comunitaria.com.br\/en\/confira-o-primeiro-video-da-campanha-natal-feliz\/\" title=\"Read More\"> <span class=\"button\">Read More<\/span><\/a><\/div>","protected":false},"author":2,"featured_media":51307,"comment_status":"open","ping_status":"closed","sticky":false,"template":"","format":"standard","meta":{"ngg_post_thumbnail":0,"footnotes":""},"categories":[33],"tags":[],"class_list":["post-51274","post","type-post","status-publish","format-standard","has-post-thumbnail","hentry","category-noticias"],"amp_enabled":true,"_links":{"self":[{"href":"https:\/\/www2.comunitaria.com.br\/en\/wp-json\/wp\/v2\/posts\/51274","targetHints":{"allow":["GET"]}}],"collection":[{"href":"https:\/\/www2.comunitaria.com.br\/en\/wp-json\/wp\/v2\/posts"}],"about":[{"href":"https:\/\/www2.comunitaria.com.br\/en\/wp-json\/wp\/v2\/types\/post"}],"author":[{"embeddable":true,"href":"https:\/\/www2.comunitaria.com.br\/en\/wp-json\/wp\/v2\/users\/2"}],"replies":[{"embeddable":true,"href":"https:\/\/www2.comunitaria.com.br\/en\/wp-json\/wp\/v2\/comments?post=51274"}],"version-history":[{"count":0,"href":"https:\/\/www2.comunitaria.com.br\/en\/wp-json\/wp\/v2\/posts\/51274\/revisions"}],"wp:featuredmedia":[{"embeddable":true,"href":"https:\/\/www2.comunitaria.com.br\/en\/wp-json\/wp\/v2\/media\/51307"}],"wp:attachment":[{"href":"https:\/\/www2.comunitaria.com.br\/en\/wp-json\/wp\/v2\/media?parent=51274"}],"wp:term":[{"taxonomy":"category","embeddable":true,"href":"https:\/\/www2.comunitaria.com.br\/en\/wp-json\/wp\/v2\/categories?post=51274"},{"taxonomy":"post_tag","embeddable":true,"href":"https:\/\/www2.comunitaria.com.br\/en\/wp-json\/wp\/v2\/tags?post=51274"}],"curies":[{"name":"wp","href":"https:\/\/api.w.org\/{rel}","templated":true}]}}