{"id":51242,"date":"2021-12-13T15:51:04","date_gmt":"2021-12-13T17:51:04","guid":{"rendered":"http:\/\/www2.comunitaria.com.br\/?p=51242"},"modified":"2021-12-13T15:52:52","modified_gmt":"2021-12-13T17:52:52","slug":"51242-2-ufsm-tera-programacao-online-para-alunos-da-educacao-basica-a-partir-desta-segunda","status":"publish","type":"post","link":"https:\/\/www2.comunitaria.com.br\/en\/51242-2-ufsm-tera-programacao-online-para-alunos-da-educacao-basica-a-partir-desta-segunda\/","title":{"rendered":"Descubra UFSM ter\u00e1 programa\u00e7\u00e3o online para alunos da educa\u00e7\u00e3o b\u00e1sica a partir desta segunda"},"content":{"rendered":"<p>O Descubra UFSM, evento voltado aos estudantes da educa\u00e7\u00e3o b\u00e1sica que visa divulgar os cursos e iniciativas de ensino, pesquisa e extens\u00e3o da Universidade Federal de Santa Maria, ser\u00e1 realizado na pr\u00f3xima semana, de segunda (13) a sexta-feira (17), com toda a programa\u00e7\u00e3o online pelo site ufsm.br\/descubra. A abertura ser\u00e1 na segunda, \u00e0s 9h, com pronunciamentos de autoridades institucionais e apresenta\u00e7\u00e3o da din\u00e2mica do evento.<\/p>\n<p>Assim como em 2020, o Descubra ser\u00e1 realizado na semana de anivers\u00e1rio da UFSM. Por\u00e9m, esta edi\u00e7\u00e3o \u2013 a segunda adaptada ao ambiente virtual \u2013 ser\u00e1 mais enxuta. Enquanto no ano passado foram realizadas at\u00e9 cinco lives simultaneamente, este ano ser\u00e3o no m\u00e1ximo duas. A inten\u00e7\u00e3o \u00e9 permitir que os participantes possam acompanhar mais atividades, esclarecendo suas d\u00favidas sobre os mais de 140 cursos de gradua\u00e7\u00e3o e t\u00e9cnicos oferecidos pela Institui\u00e7\u00e3o nos campi de Santa Maria, Frederico Westphalen, Palmeira das Miss\u00f5es e Cachoeira do Sul.<\/p>\n<p>Pelo TV Descubra (no YouTube da Prograd), ser\u00e3o veiculados v\u00eddeos que apresentam os cursos, com professores, alunos e egressos conversando sobre cada \u00e1rea, disciplinas, mercado de trabalho, entre outros \u2013 a distribui\u00e7\u00e3o dos cursos por dia e hor\u00e1rio j\u00e1 est\u00e1 dispon\u00edvel no site. A programa\u00e7\u00e3o ser\u00e1 realizada diariamente das 9h \u00e0s 11h20 e das 13h \u00e0s 18h. Durante a veicula\u00e7\u00e3o dos v\u00eddeos, haver\u00e1 intera\u00e7\u00e3o em tempo real com bolsistas dos respectivos cursos, que responder\u00e3o perguntas e encaminhar\u00e3o links de interesse pelo chat do YouTube. No intervalo, ser\u00e3o veiculados v\u00eddeos institucionais, como da Editora UFSM, Polifeira do Agricultor, entre outros.<\/p>\n<p>As lives ser\u00e3o realizadas por \u00e1rea do conhecimento. Cada Unidade de Ensino ter\u00e1 de uma a duas horas para desenvolver temas relacionados. Algumas transmiss\u00f5es contar\u00e3o com interpreta\u00e7\u00e3o na Linguagem Brasileira de Sinais (Libras), garantindo acessibilidade.<\/p>\n<p>Tamb\u00e9m est\u00e3o previstas lives e v\u00eddeos pelo eixo institucional, com temas como bate-papo vocacional, assist\u00eancia estudantil e como ser aluno da UFSM, entre outros.<\/p>\n<p>A programa\u00e7\u00e3o do Descubra UFSM contempla tamb\u00e9m a Rua das Artes (voltada \u00e0 produ\u00e7\u00e3o dos cursos do Centro de Artes e Letras), a\u00e7\u00f5es da Pr\u00f3-Reitoria de Assuntos Estudantis (Prae) e da Pr\u00f3-Reitoria de Extens\u00e3o (PRE), al\u00e9m do Jardim Bot\u00e2nico, Unidade de Educa\u00e7\u00e3o Infantil Ip\u00ea Amarelo e cursos EaD.<\/p>\n<p>Al\u00e9m de disponibilizar acesso, sem necessidade de inscri\u00e7\u00e3o pr\u00e9via, a toda a programa\u00e7\u00e3o do Descubra UFSM, o site do evento ainda re\u00fane informa\u00e7\u00f5es diversas sobre a Universidade, como formas de ingresso, tipos de cursos, tour pelos campi, Bibliotecas, entre outras.<\/p>\n<p>O v\u00eddeo de divulga\u00e7\u00e3o do evento, produzido pela Facos Ag\u00eancia, do curso de Publicidade e Propaganda, tamb\u00e9m est\u00e1 dispon\u00edvel. A campanha da edi\u00e7\u00e3o deste ano tem como mote \u201cDescubra sua melhor hist\u00f3ria\u201d.<\/p>\n<p>No perfil do Descubra UFSM no Instagram e na p\u00e1gina no Facebook \u00e9 poss\u00edvel acompanhar relatos de alunos egressos e sua hist\u00f3ria com a UFSM, al\u00e9m de informa\u00e7\u00f5es atualizadas sobre o Descubra UFSM.<\/p>","protected":false},"excerpt":{"rendered":"<p>O Descubra UFSM, evento voltado aos estudantes da educa\u00e7\u00e3o b\u00e1sica que visa divulgar os cursos e iniciativas de ensino, pesquisa e extens\u00e3o da Universidade Federal de Santa Maria, ser\u00e1 realizado&#8230;<\/p>","protected":false},"author":2,"featured_media":51244,"comment_status":"open","ping_status":"closed","sticky":false,"template":"","format":"standard","meta":{"ngg_post_thumbnail":0,"footnotes":""},"categories":[44,33],"tags":[],"class_list":["post-51242","post","type-post","status-publish","format-standard","has-post-thumbnail","hentry","category-educacao","category-noticias"],"amp_enabled":true,"_links":{"self":[{"href":"https:\/\/www2.comunitaria.com.br\/en\/wp-json\/wp\/v2\/posts\/51242","targetHints":{"allow":["GET"]}}],"collection":[{"href":"https:\/\/www2.comunitaria.com.br\/en\/wp-json\/wp\/v2\/posts"}],"about":[{"href":"https:\/\/www2.comunitaria.com.br\/en\/wp-json\/wp\/v2\/types\/post"}],"author":[{"embeddable":true,"href":"https:\/\/www2.comunitaria.com.br\/en\/wp-json\/wp\/v2\/users\/2"}],"replies":[{"embeddable":true,"href":"https:\/\/www2.comunitaria.com.br\/en\/wp-json\/wp\/v2\/comments?post=51242"}],"version-history":[{"count":0,"href":"https:\/\/www2.comunitaria.com.br\/en\/wp-json\/wp\/v2\/posts\/51242\/revisions"}],"wp:featuredmedia":[{"embeddable":true,"href":"https:\/\/www2.comunitaria.com.br\/en\/wp-json\/wp\/v2\/media\/51244"}],"wp:attachment":[{"href":"https:\/\/www2.comunitaria.com.br\/en\/wp-json\/wp\/v2\/media?parent=51242"}],"wp:term":[{"taxonomy":"category","embeddable":true,"href":"https:\/\/www2.comunitaria.com.br\/en\/wp-json\/wp\/v2\/categories?post=51242"},{"taxonomy":"post_tag","embeddable":true,"href":"https:\/\/www2.comunitaria.com.br\/en\/wp-json\/wp\/v2\/tags?post=51242"}],"curies":[{"name":"wp","href":"https:\/\/api.w.org\/{rel}","templated":true}]}}