{"id":51212,"date":"2021-12-08T18:18:02","date_gmt":"2021-12-08T20:18:02","guid":{"rendered":"http:\/\/www2.comunitaria.com.br\/?p=51212"},"modified":"2021-12-08T18:18:02","modified_gmt":"2021-12-08T20:18:02","slug":"opiniao-mudancas-no-prouni-podem-aumentar-desigualdades","status":"publish","type":"post","link":"https:\/\/www2.comunitaria.com.br\/en\/opiniao-mudancas-no-prouni-podem-aumentar-desigualdades\/","title":{"rendered":"Opini\u00e3o: Mudan\u00e7as no ProUni podem aumentar desigualdades"},"content":{"rendered":"<p>No opini\u00e3o desta sexta-feira, Clenio Mazzonetto reflete as mudan\u00e7as do programa ProUni e como isso ir\u00e1 acarretar no aumento da desigualdade.&nbsp;<\/p>\n<!--[if lt IE 9]><script>document.createElement('audio');<\/script><![endif]-->\n<audio class=\"wp-audio-shortcode\" id=\"audio-51212-1\" preload=\"none\" style=\"width: 100%;\" controls=\"controls\"><source type=\"audio\/ogg\" src=\"http:\/\/www2.comunitaria.com.br\/wp-content\/uploads\/2021\/12\/WhatsApp-Audio-2021-12-08-at-16.15.56-1.ogg?_=1\" \/><a href=\"http:\/\/www2.comunitaria.com.br\/wp-content\/uploads\/2021\/12\/WhatsApp-Audio-2021-12-08-at-16.15.56-1.ogg\">http:\/\/www2.comunitaria.com.br\/wp-content\/uploads\/2021\/12\/WhatsApp-Audio-2021-12-08-at-16.15.56-1.ogg<\/a><\/audio>\n<p>&nbsp;<\/p>","protected":false},"excerpt":{"rendered":"<p>No opini\u00e3o desta sexta-feira, Clenio Mazzonetto reflete as mudan\u00e7as do programa ProUni e como isso ir\u00e1 acarretar no aumento da desigualdade.&nbsp; &nbsp;<\/p>\n<div class=\"read-more-wrapper\"><a class=\"read-more\" href=\"https:\/\/www2.comunitaria.com.br\/en\/opiniao-mudancas-no-prouni-podem-aumentar-desigualdades\/\" title=\"Read More\"> <span class=\"button\">Read More<\/span><\/a><\/div>","protected":false},"author":2,"featured_media":51214,"comment_status":"open","ping_status":"closed","sticky":false,"template":"","format":"standard","meta":{"ngg_post_thumbnail":0,"footnotes":""},"categories":[33,6171],"tags":[],"class_list":["post-51212","post","type-post","status-publish","format-standard","has-post-thumbnail","hentry","category-noticias","category-opiniao"],"amp_enabled":true,"_links":{"self":[{"href":"https:\/\/www2.comunitaria.com.br\/en\/wp-json\/wp\/v2\/posts\/51212","targetHints":{"allow":["GET"]}}],"collection":[{"href":"https:\/\/www2.comunitaria.com.br\/en\/wp-json\/wp\/v2\/posts"}],"about":[{"href":"https:\/\/www2.comunitaria.com.br\/en\/wp-json\/wp\/v2\/types\/post"}],"author":[{"embeddable":true,"href":"https:\/\/www2.comunitaria.com.br\/en\/wp-json\/wp\/v2\/users\/2"}],"replies":[{"embeddable":true,"href":"https:\/\/www2.comunitaria.com.br\/en\/wp-json\/wp\/v2\/comments?post=51212"}],"version-history":[{"count":0,"href":"https:\/\/www2.comunitaria.com.br\/en\/wp-json\/wp\/v2\/posts\/51212\/revisions"}],"wp:featuredmedia":[{"embeddable":true,"href":"https:\/\/www2.comunitaria.com.br\/en\/wp-json\/wp\/v2\/media\/51214"}],"wp:attachment":[{"href":"https:\/\/www2.comunitaria.com.br\/en\/wp-json\/wp\/v2\/media?parent=51212"}],"wp:term":[{"taxonomy":"category","embeddable":true,"href":"https:\/\/www2.comunitaria.com.br\/en\/wp-json\/wp\/v2\/categories?post=51212"},{"taxonomy":"post_tag","embeddable":true,"href":"https:\/\/www2.comunitaria.com.br\/en\/wp-json\/wp\/v2\/tags?post=51212"}],"curies":[{"name":"wp","href":"https:\/\/api.w.org\/{rel}","templated":true}]}}