{"id":5120,"date":"2015-07-16T12:16:28","date_gmt":"2015-07-16T14:16:28","guid":{"rendered":"http:\/\/www2.comunitaria.com.br\/?p=5120"},"modified":"2015-07-16T12:34:43","modified_gmt":"2015-07-16T14:34:43","slug":"estado-repassa-mais-de-r-174-milhoes-a-rede-de-saude-nesta-semana","status":"publish","type":"post","link":"https:\/\/www2.comunitaria.com.br\/en\/estado-repassa-mais-de-r-174-milhoes-a-rede-de-saude-nesta-semana\/","title":{"rendered":"Estado repassa mais de R$ 174 milh\u00f5es a rede de sa\u00fade nesta semana"},"content":{"rendered":"<p style=\"text-align: justify;\">A Secretaria da Sa\u00fade inicia nesta quarta-feira (15), o pagamento \u00e0s prefeituras municipais e hospitais no valor total de R$ 174,4 milh\u00f5es. Os munic\u00edpios, que desenvolvem programas vinculados ao SUS, receber\u00e3o R$ 26 milh\u00f5es. O valor, repassado pelo Tesouro do Estado, corresponde \u00e0 compet\u00eancia do m\u00eas de junho. Entre os programas beneficiados com recursos estaduais, est\u00e3o a Aten\u00e7\u00e3o B\u00e1sica, Farm\u00e1cia B\u00e1sica, Programa Primeira Inf\u00e2ncia Melhor (PIM) e manuten\u00e7\u00e3o das Bases do Samu.<\/p>\n<p style=\"text-align: justify;\">O repasse para as institui\u00e7\u00f5es de sa\u00fade ocorre entre estas quinta (16) e sexta-feira (17). Os hospitais filantr\u00f3picos, santas casas e p\u00fablicos, que prestam servi\u00e7os ao Sistema \u00danico de Sa\u00fade (SUS), ter\u00e3o direito a R$ 148,4 milh\u00f5es, como pagamento referente ao m\u00eas de junho. Deste total, R$ 72 milh\u00f5es s\u00e3o recursos do Tesouro do Estado, pagos como incentivos estaduais, em forma de cofinanciamento dos seguintes subprojetos: Atendimento de Gestantes de Alto Risco, Casa da Gestante; M\u00e3e Canguru, leitos para \u00e1lcool, drogas e psiquiatria em hospitais gerais, porta de entrada de emerg\u00eancias e outros.<\/p>\n<p>J\u00e1 os R$ 76,4 milh\u00f5es de recursos federais s\u00e3o direcionados para o pagamento da produ\u00e7\u00e3o dos servi\u00e7os, como consultas, exames e cirurgias. Neste valor, est\u00e1 inclu\u00eddo o repasse do pagamento da m\u00e9dia complexidade, referente ao m\u00eas de junho.<\/p>\n<p><strong>Texto: <\/strong>Ascom SES-RS<strong><br \/>\nFoto: <\/strong>Divulga\u00e7\u00e3o<strong><br \/>\nEdi\u00e7\u00e3o: <\/strong>L\u00e9a Arag\u00f3n\/CCom<\/p>","protected":false},"excerpt":{"rendered":"<p>A Secretaria da Sa\u00fade inicia nesta quarta-feira (15), o pagamento \u00e0s prefeituras municipais e hospitais no valor total de R$ 174,4 milh\u00f5es. Os munic\u00edpios, que desenvolvem programas vinculados ao SUS,&#8230;<\/p>","protected":false},"author":2,"featured_media":5122,"comment_status":"open","ping_status":"closed","sticky":false,"template":"","format":"standard","meta":{"ngg_post_thumbnail":0,"footnotes":""},"categories":[46,33,37],"tags":[519,1195,175,1233],"class_list":["post-5120","post","type-post","status-publish","format-standard","has-post-thumbnail","hentry","category-estado","category-noticias","category-saude","tag-estado-2","tag-repasse","tag-saude-2","tag-verba"],"amp_enabled":true,"_links":{"self":[{"href":"https:\/\/www2.comunitaria.com.br\/en\/wp-json\/wp\/v2\/posts\/5120","targetHints":{"allow":["GET"]}}],"collection":[{"href":"https:\/\/www2.comunitaria.com.br\/en\/wp-json\/wp\/v2\/posts"}],"about":[{"href":"https:\/\/www2.comunitaria.com.br\/en\/wp-json\/wp\/v2\/types\/post"}],"author":[{"embeddable":true,"href":"https:\/\/www2.comunitaria.com.br\/en\/wp-json\/wp\/v2\/users\/2"}],"replies":[{"embeddable":true,"href":"https:\/\/www2.comunitaria.com.br\/en\/wp-json\/wp\/v2\/comments?post=5120"}],"version-history":[{"count":0,"href":"https:\/\/www2.comunitaria.com.br\/en\/wp-json\/wp\/v2\/posts\/5120\/revisions"}],"wp:featuredmedia":[{"embeddable":true,"href":"https:\/\/www2.comunitaria.com.br\/en\/wp-json\/wp\/v2\/media\/5122"}],"wp:attachment":[{"href":"https:\/\/www2.comunitaria.com.br\/en\/wp-json\/wp\/v2\/media?parent=5120"}],"wp:term":[{"taxonomy":"category","embeddable":true,"href":"https:\/\/www2.comunitaria.com.br\/en\/wp-json\/wp\/v2\/categories?post=5120"},{"taxonomy":"post_tag","embeddable":true,"href":"https:\/\/www2.comunitaria.com.br\/en\/wp-json\/wp\/v2\/tags?post=5120"}],"curies":[{"name":"wp","href":"https:\/\/api.w.org\/{rel}","templated":true}]}}