{"id":51156,"date":"2021-12-06T15:21:57","date_gmt":"2021-12-06T17:21:57","guid":{"rendered":"http:\/\/www2.comunitaria.com.br\/?p=51156"},"modified":"2021-12-06T15:21:57","modified_gmt":"2021-12-06T17:21:57","slug":"programa-escola-interativa-e-aprovado-em-sessao-extraordinaria-da-camara-de-fw","status":"publish","type":"post","link":"https:\/\/www2.comunitaria.com.br\/en\/programa-escola-interativa-e-aprovado-em-sessao-extraordinaria-da-camara-de-fw\/","title":{"rendered":"Programa Escola Interativa \u00e9 aprovado em sess\u00e3o Extraordin\u00e1ria da C\u00e2mara de FW"},"content":{"rendered":"<p>Um programa que busca mais conectividade entre professores e alunos e entre escola e as tecnologias, assim pode ser descrito o Programa Escola Interativa, Projeto de Lei (PL) 102 aprovado pela C\u00e2mara de Frederico Westphalen, em sess\u00e3o Extraordin\u00e1ria nesta quinta-feira, 2, juntamente com outras tr\u00eas proposi\u00e7\u00f5es.<br \/>\nO programa ir\u00e1 atender todas as escolas da rede municipal de ensino e tem dentre seus objetivos disponibilizar notebooks para os professores da rede municipal e tamb\u00e9m equipar os laborat\u00f3rios de inform\u00e1tica das escolas municipais, com o intuito de auxiliar na gest\u00e3o administrativa e pedag\u00f3gica, al\u00e9m de servir como ferramenta de ensino\/aprendizagem e inclus\u00e3o digital com a utiliza\u00e7\u00e3o de tecnologias de informa\u00e7\u00e3o. Para isso ser\u00e3o adquiridos notebooks para os professores da rede municipal e tamb\u00e9m para equipar os laborat\u00f3rios de inform\u00e1tica das escolas municipais, com o intuito de auxiliar na gest\u00e3o administrativa e pedag\u00f3gica, al\u00e9m de servir como ferramenta de ensino\/aprendizagem e inclus\u00e3o digital com a utiliza\u00e7\u00e3o de tecnologias de informa\u00e7\u00e3o.<br \/>\nDentre as justificativas do projeto, est\u00e1 a inclus\u00e3o digital proporcionando a professores e estudantes o acesso a dispositivos port\u00e1teis dotados de aplicativos educacionais e de apoio para o uso pedag\u00f3gico em sala de aula e fora dela, bem como nos laborat\u00f3rios de inform\u00e1tica, bem como a elabora\u00e7\u00e3o de m\u00e9todos educacionais com o uso de recursos tecnol\u00f3gicos, a dissemina\u00e7\u00e3o e o uso de tecnologias da informa\u00e7\u00e3o e comunica\u00e7\u00e3o orientadas ao desenvolvimento social, econ\u00f4mico, cultural e tecnol\u00f3gico, centrado nas pessoas.<br \/>\n\u2013 \u00c9 uma excelente iniciativa, aproximar as escolas da tecnologia, mas deixo aqui a ressalva de que para esses equipamentos cumprirem com sua fun\u00e7\u00e3o \u00e9 preciso estar dispon\u00edvel internet nas escolas, nas salas de aula, tamb\u00e9m fornecer aos alunos aparelhos com acesso \u00e0 internet e por fim, mas n\u00e3o menos importante, disponibilizar uma equipe para treinamento dos professores e alunos, para que estes possam utilizar as melhores tecnologias e ferramentas dispon\u00edveis, sei que a equipe da educa\u00e7\u00e3o j\u00e1 deve estar pensando nisso\u2013, considerou o presidente da C\u00e2mara, vereador Jorge Alan Souza durante sua manifesta\u00e7\u00e3o.<br \/>\nMais recursos para a educa\u00e7\u00e3o<br \/>\nOutra proposi\u00e7\u00e3o da Secretaria da Educa\u00e7\u00e3o tamb\u00e9m foi votada e aprovada na C\u00e2mara, o (PL 101) visa \u00e0 aquisi\u00e7\u00e3o de material para o Projeto arte, educa\u00e7\u00e3o e cidadania da Escola Municipal de Ensino Fundamental Maria Falcon \u2013 R$ 90 mil; j\u00e1 R$ 460 mil s\u00e3o para o desenvolvimento do projeto estimula\u00e7\u00e3o e intera\u00e7\u00e3o da educa\u00e7\u00e3o infantil; R$ 40 mil ser\u00e3o destinados \u00e0 aquisi\u00e7\u00e3o de placas para identifica\u00e7\u00e3o das escolas da rede municipal e R$ 635 mil para obras de cercamento das escolas e quadras de esportes. Ainda haver\u00e1 a destina\u00e7\u00e3o de R$ 178 mil para a equipe multidisciplinar da Secretaria da educa\u00e7\u00e3o, com aquisi\u00e7\u00e3o de um ve\u00edculo e melhorias no espa\u00e7o de atendimento da equipe.<br \/>\nOutros projetos aprovados<br \/>\nTamb\u00e9m foram votados o PL 98 que prev\u00ea o repasse de R$ 20 mil para a Associa\u00e7\u00e3o de Deficientes F\u00edsicos de Frederico Westphalen e outros R$ 20 mil para o Lar dos Idosos S\u00e3o Vicente de Paulo, recursos que foram devolvidos do legislativo ao executivo para ser destinado \u00e0s entidades assist\u00eancias e o PL 103 que autoriza mais 2% de cr\u00e9ditos adicionais para o uso do executivo. Em reuni\u00e3o o executivo argumentou que esse valor seria para complementar a folha de pagamento, ap\u00f3s muita discuss\u00e3o, a proposi\u00e7\u00e3o foi aprovada pelos oito edis presentes na sess\u00e3o.<br \/>\n\u2013 \u00c9 mais um voto de confian\u00e7a que estamos dando ao executivo, tivemos uma conversa e em rela\u00e7\u00e3o aos dois por cento, quero dar os parab\u00e9ns aos colegas vereadores, porque salvamos o executivo mais uma vez. Pois, se houve um erro de c\u00e1lculo na Lei Or\u00e7ament\u00e1ria (LOA), n\u00f3s vamos resolver, para pagar as contas e o 13\u00b0 dos servidores. Mais uma vez estamos fazendo tudo para que o executivo desempenhe seu trabalho e seu plano de governo, agora se n\u00e3o fizerem, vamos cobrar. Estaremos atentos a LOA que ser\u00e1 votada semana que vem \u2013 finalizou o presidente da casa, Jorge Alan Souza, antes de convocar os vereadores para a vota\u00e7\u00e3o da proposta.<\/p>","protected":false},"excerpt":{"rendered":"<p>Um programa que busca mais conectividade entre professores e alunos e entre escola e as tecnologias, assim pode ser descrito o Programa Escola Interativa, Projeto de Lei (PL) 102 aprovado&#8230;<\/p>","protected":false},"author":2,"featured_media":51158,"comment_status":"open","ping_status":"closed","sticky":false,"template":"","format":"standard","meta":{"ngg_post_thumbnail":0,"footnotes":""},"categories":[42,28,33],"tags":[],"class_list":["post-51156","post","type-post","status-publish","format-standard","has-post-thumbnail","hentry","category-fred-west","category-destaque","category-noticias"],"amp_enabled":true,"_links":{"self":[{"href":"https:\/\/www2.comunitaria.com.br\/en\/wp-json\/wp\/v2\/posts\/51156","targetHints":{"allow":["GET"]}}],"collection":[{"href":"https:\/\/www2.comunitaria.com.br\/en\/wp-json\/wp\/v2\/posts"}],"about":[{"href":"https:\/\/www2.comunitaria.com.br\/en\/wp-json\/wp\/v2\/types\/post"}],"author":[{"embeddable":true,"href":"https:\/\/www2.comunitaria.com.br\/en\/wp-json\/wp\/v2\/users\/2"}],"replies":[{"embeddable":true,"href":"https:\/\/www2.comunitaria.com.br\/en\/wp-json\/wp\/v2\/comments?post=51156"}],"version-history":[{"count":0,"href":"https:\/\/www2.comunitaria.com.br\/en\/wp-json\/wp\/v2\/posts\/51156\/revisions"}],"wp:featuredmedia":[{"embeddable":true,"href":"https:\/\/www2.comunitaria.com.br\/en\/wp-json\/wp\/v2\/media\/51158"}],"wp:attachment":[{"href":"https:\/\/www2.comunitaria.com.br\/en\/wp-json\/wp\/v2\/media?parent=51156"}],"wp:term":[{"taxonomy":"category","embeddable":true,"href":"https:\/\/www2.comunitaria.com.br\/en\/wp-json\/wp\/v2\/categories?post=51156"},{"taxonomy":"post_tag","embeddable":true,"href":"https:\/\/www2.comunitaria.com.br\/en\/wp-json\/wp\/v2\/tags?post=51156"}],"curies":[{"name":"wp","href":"https:\/\/api.w.org\/{rel}","templated":true}]}}