{"id":51105,"date":"2021-12-02T16:11:22","date_gmt":"2021-12-02T18:11:22","guid":{"rendered":"http:\/\/www2.comunitaria.com.br\/?p=51105"},"modified":"2021-12-02T16:11:22","modified_gmt":"2021-12-02T18:11:22","slug":"curso-de-jornalismo-da-ufsm-fw-comemora-15-anos-com-programacao-especial","status":"publish","type":"post","link":"https:\/\/www2.comunitaria.com.br\/en\/curso-de-jornalismo-da-ufsm-fw-comemora-15-anos-com-programacao-especial\/","title":{"rendered":"Curso de Jornalismo da UFSM-FW comemora 15 anos com programa\u00e7\u00e3o especial"},"content":{"rendered":"<p>O curso de Jornalismo &#8211; Bacharelado, da Universidade Federal de Santa Maria, campus Frederico Westphalen, completa, em 2021, 15 anos de exist\u00eancia. Em comemora\u00e7\u00e3o, a coordena\u00e7\u00e3o do curso organizou uma s\u00e9rie de atividades que ser\u00e3o desenvolvidas a partir desta quarta-feira, dia 24, e se estender\u00e3o at\u00e9 2022.<br \/>\nA programa\u00e7\u00e3o, neste semestre, que inclui a cria\u00e7\u00e3o de um selo comemorativo, contar\u00e1 com lives abordando temas relevantes no campo do Jornalismo. As atividades s\u00e3o voltadas a estudantes, profissionais e comunidade em geral, e ser\u00e3o transmitidas pelo canal da UFSM Campus Frederico Westphalen no Youtube. Para participar da programa\u00e7\u00e3o \u00e9 preciso inscrever-se, gratuitamente, pelo link: https:\/\/www.even3.com.br\/15anosjornalismoufsm.<br \/>\nCriado em 2006, com a denomina\u00e7\u00e3o de Comunica\u00e7\u00e3o Social &#8211; Habilita\u00e7\u00e3o Jornalismo, o curso comp\u00f4s a ades\u00e3o da UFSM ao plano de interioriza\u00e7\u00e3o da educa\u00e7\u00e3o p\u00fablica. Desta forma, o curso comemora seus 15 anos junto com o pr\u00f3prio campus da UFSM em Frederico Westphalen. Neste percurso, j\u00e1 formou 357 profissionais e, atualmente, conta com cerca de 150 estudantes regularmente matriculados, de acordo com a plataforma UFSM em N\u00fameros.<\/p>\n<p>Confira a programa\u00e7\u00e3o dos 15 anos do curso de Jornalismo:<\/p>\n<p>Dia 24 de novembro, quarta-feira, \u00e0s 19h: Live de lan\u00e7amento das comemora\u00e7\u00f5es 15 anos, contando com a participa\u00e7\u00e3o dos jornalistas egressos Eveline P\u00f4ncio, Heloise Santi, Marcos Corbari e Rosc\u00e9li Kochhann, que representam a primeira turma graduada no campus.<br \/>\nDia 30 de novembro, ter\u00e7a-feira, \u00e0s 19h: bate-papo sobre o tema \u201cJornalismo no Combate \u00e0 Desinforma\u00e7\u00e3o\u201d, tendo a participa\u00e7\u00e3o de Thays Lavor, do projeto \u201cLupa: Covid Eu Informo\u201d. Essa atividade ter\u00e1 a parceria da DCG Jornalismo no Combate \u00e0 Desinforma\u00e7\u00e3o, ministrada pela professora Luciana Carvalho.<br \/>\nDia 09 de dezembro, quinta-feira, \u00e0s 14h: palestra \u201cCriando uma ag\u00eancia de marketing digital de sucesso do zero: Case da RUNNINGDIGITAL\u201d, com a participa\u00e7\u00e3o do egresso do curso de Jornalismo, Josaf\u00e1 Rohde, e parceria com as turmas de Relacionamento com a M\u00eddia, ministradas pela professora Karen Kraemer.<br \/>\nDia 15 de dezembro, quarta-feira, \u00e0s 17h: palestra \u201cVisualidades p\u00f3s-pandemia: o que mudou no fotojornalismo?\u201d, com a participa\u00e7\u00e3o do fot\u00f3grafo profissional Werther Santana e, parceria com as turmas de Fotografia, ministradas pela professora Janaina Gomes e professor Paulo Munhoz.<br \/>\nEventos Associados:<br \/>\nDias 01, 02 e 03 de dezembro: I Encontro Educom M\u00e3o na M\u00eddia, organizado pelo programa de extens\u00e3o M\u00e3o na M\u00eddia, tendo o apoio da ABPEducom. O evento ser\u00e1 transmitido pelo canal do Youtube M\u00e3o na M\u00eddia. Para se inscrever, acesse: https:\/\/www.even3.com.br\/encontromaonamidia2021\/.<br \/>\nDia 08 de dezembro, \u00e0s 18h: O papel do jornalismo local no combate \u00e0 desinforma\u00e7\u00e3o, organizado pelo projeto de extens\u00e3o Checagem da Hora, com as professoras Mirian Quadros e Luciana Carvalho. Essa atividade ser\u00e1 destinada a jornalistas, radialistas e comunicadores de emissoras comunit\u00e1rias da regi\u00e3o de Frederico Westphalen e, acontecer\u00e1 pelo Google Meet. Mais informa\u00e7\u00f5es atrav\u00e9s do contato: agenciadahoraufsm@gmail.com.<\/p>","protected":false},"excerpt":{"rendered":"<p>O curso de Jornalismo &#8211; Bacharelado, da Universidade Federal de Santa Maria, campus Frederico Westphalen, completa, em 2021, 15 anos de exist\u00eancia. Em comemora\u00e7\u00e3o, a coordena\u00e7\u00e3o do curso organizou uma s\u00e9rie de atividades que ser\u00e3o desenvolvidas a partir desta quarta-feira, dia 24, e se estender\u00e3o at\u00e9 2022. A programa\u00e7\u00e3o, neste semestre, que inclui a cria\u00e7\u00e3o<\/p>\n<div class=\"read-more-wrapper\"><a class=\"read-more\" href=\"https:\/\/www2.comunitaria.com.br\/en\/curso-de-jornalismo-da-ufsm-fw-comemora-15-anos-com-programacao-especial\/\" title=\"Read More\"> <span class=\"button\">Read More<\/span><\/a><\/div>","protected":false},"author":2,"featured_media":51107,"comment_status":"open","ping_status":"closed","sticky":false,"template":"","format":"standard","meta":{"ngg_post_thumbnail":0,"footnotes":""},"categories":[44,42,33],"tags":[],"class_list":["post-51105","post","type-post","status-publish","format-standard","has-post-thumbnail","hentry","category-educacao","category-fred-west","category-noticias"],"amp_enabled":true,"_links":{"self":[{"href":"https:\/\/www2.comunitaria.com.br\/en\/wp-json\/wp\/v2\/posts\/51105","targetHints":{"allow":["GET"]}}],"collection":[{"href":"https:\/\/www2.comunitaria.com.br\/en\/wp-json\/wp\/v2\/posts"}],"about":[{"href":"https:\/\/www2.comunitaria.com.br\/en\/wp-json\/wp\/v2\/types\/post"}],"author":[{"embeddable":true,"href":"https:\/\/www2.comunitaria.com.br\/en\/wp-json\/wp\/v2\/users\/2"}],"replies":[{"embeddable":true,"href":"https:\/\/www2.comunitaria.com.br\/en\/wp-json\/wp\/v2\/comments?post=51105"}],"version-history":[{"count":0,"href":"https:\/\/www2.comunitaria.com.br\/en\/wp-json\/wp\/v2\/posts\/51105\/revisions"}],"wp:featuredmedia":[{"embeddable":true,"href":"https:\/\/www2.comunitaria.com.br\/en\/wp-json\/wp\/v2\/media\/51107"}],"wp:attachment":[{"href":"https:\/\/www2.comunitaria.com.br\/en\/wp-json\/wp\/v2\/media?parent=51105"}],"wp:term":[{"taxonomy":"category","embeddable":true,"href":"https:\/\/www2.comunitaria.com.br\/en\/wp-json\/wp\/v2\/categories?post=51105"},{"taxonomy":"post_tag","embeddable":true,"href":"https:\/\/www2.comunitaria.com.br\/en\/wp-json\/wp\/v2\/tags?post=51105"}],"curies":[{"name":"wp","href":"https:\/\/api.w.org\/{rel}","templated":true}]}}