{"id":51055,"date":"2021-11-30T09:52:16","date_gmt":"2021-11-30T11:52:16","guid":{"rendered":"http:\/\/www2.comunitaria.com.br\/?p=51055"},"modified":"2021-11-30T09:52:16","modified_gmt":"2021-11-30T11:52:16","slug":"de-acordo-com-inep-gabarito-do-enem-saira-na-quarta-feira-e-resultado-em-11-de-fevereiro","status":"publish","type":"post","link":"https:\/\/www2.comunitaria.com.br\/en\/de-acordo-com-inep-gabarito-do-enem-saira-na-quarta-feira-e-resultado-em-11-de-fevereiro\/","title":{"rendered":"De acordo com Inep, gabarito do Enem sair\u00e1 na quarta-feira, e resultado em 11 de fevereiro"},"content":{"rendered":"<p>O Inep (Instituto Nacional de Estudos e Pesquisas Educacionais An\u00edsio Teixeira), informou, nesta segunda-feira, que os gabaritos oficiais do Enem (Exame Nacional do Ensino M\u00e9dio) ser\u00e3o divulgados na quarta-feira, 1\u00ba de dezembro. Al\u00e9m disso, de acordo com o presidente do instituto, Danilo Dupas, o resultado final do exame ser\u00e1 publicado em 12 de fevereiro de 2022.<br \/>\nEm coletiva de imprensa nesta tarde, Dupas fez um balan\u00e7o sobre o segundo dia de provas do Enem, que ocorreu no domingo. Segundo ele, quase 30% dos participantes n\u00e3o compareceram para fazer a prova de matem\u00e1tica e ci\u00eancias da natureza.<br \/>\nDe acordo com Dupas, os estudantes que faltaram t\u00eam at\u00e9 a pr\u00f3xima sexta-feira para solicitar a reaplica\u00e7\u00e3o da prova. O Inep analisar\u00e1 todas as solicita\u00e7\u00f5es individualmente. As provas ser\u00e3o feitas em 9 e 16 de janeiro de 2022. &#8220;Aqueles que tiveram algum problema de log\u00edstica ou intercorr\u00eancia ao longo da aplica\u00e7\u00e3o agora t\u00eam essa oportunidade&#8221;, destacou.<br \/>\nDe todo modo, Dupas frisou que 70,1% dos alunos que se inscreveram para o exame fizeram a prova do \u00faltimo domingo. &#8220;Mesmo em uma pandemia mantivemos a s\u00e9rie hist\u00f3rica &#8220;, observou.<\/p>","protected":false},"excerpt":{"rendered":"<p>O Inep (Instituto Nacional de Estudos e Pesquisas Educacionais An\u00edsio Teixeira), informou, nesta segunda-feira, que os gabaritos oficiais do Enem (Exame Nacional do Ensino M\u00e9dio) ser\u00e3o divulgados na quarta-feira, 1\u00ba&#8230;<\/p>","protected":false},"author":2,"featured_media":51057,"comment_status":"open","ping_status":"closed","sticky":false,"template":"","format":"standard","meta":{"ngg_post_thumbnail":0,"footnotes":""},"categories":[44,33],"tags":[],"class_list":["post-51055","post","type-post","status-publish","format-standard","has-post-thumbnail","hentry","category-educacao","category-noticias"],"amp_enabled":true,"_links":{"self":[{"href":"https:\/\/www2.comunitaria.com.br\/en\/wp-json\/wp\/v2\/posts\/51055","targetHints":{"allow":["GET"]}}],"collection":[{"href":"https:\/\/www2.comunitaria.com.br\/en\/wp-json\/wp\/v2\/posts"}],"about":[{"href":"https:\/\/www2.comunitaria.com.br\/en\/wp-json\/wp\/v2\/types\/post"}],"author":[{"embeddable":true,"href":"https:\/\/www2.comunitaria.com.br\/en\/wp-json\/wp\/v2\/users\/2"}],"replies":[{"embeddable":true,"href":"https:\/\/www2.comunitaria.com.br\/en\/wp-json\/wp\/v2\/comments?post=51055"}],"version-history":[{"count":0,"href":"https:\/\/www2.comunitaria.com.br\/en\/wp-json\/wp\/v2\/posts\/51055\/revisions"}],"wp:featuredmedia":[{"embeddable":true,"href":"https:\/\/www2.comunitaria.com.br\/en\/wp-json\/wp\/v2\/media\/51057"}],"wp:attachment":[{"href":"https:\/\/www2.comunitaria.com.br\/en\/wp-json\/wp\/v2\/media?parent=51055"}],"wp:term":[{"taxonomy":"category","embeddable":true,"href":"https:\/\/www2.comunitaria.com.br\/en\/wp-json\/wp\/v2\/categories?post=51055"},{"taxonomy":"post_tag","embeddable":true,"href":"https:\/\/www2.comunitaria.com.br\/en\/wp-json\/wp\/v2\/tags?post=51055"}],"curies":[{"name":"wp","href":"https:\/\/api.w.org\/{rel}","templated":true}]}}