{"id":51049,"date":"2021-11-30T09:35:00","date_gmt":"2021-11-30T11:35:00","guid":{"rendered":"http:\/\/www2.comunitaria.com.br\/?p=51049"},"modified":"2021-11-30T09:35:00","modified_gmt":"2021-11-30T11:35:00","slug":"pec-dos-precatorios-pode-ser-votada-nesta-terca-feira","status":"publish","type":"post","link":"https:\/\/www2.comunitaria.com.br\/en\/pec-dos-precatorios-pode-ser-votada-nesta-terca-feira\/","title":{"rendered":"PEC dos precat\u00f3rios pode ser votada nesta ter\u00e7a-feira"},"content":{"rendered":"<p>A PEC dos precat\u00f3rios foi pautada para as pr\u00f3ximas tr\u00eas sess\u00f5es deliberativas no plen\u00e1rio do Senado Federal, a come\u00e7ar por esta ter\u00e7a-feira, 30, e seguindo at\u00e9 quinta, 2 , sempre \u00e0s 16h. A mat\u00e9ria s\u00f3 pode ser votada, no entanto, ap\u00f3s aprova\u00e7\u00e3o na CCJ e ainda n\u00e3o h\u00e1 nenhuma previs\u00e3o de discuss\u00e3o sobre o assunto na pauta da reuni\u00e3o de hoje da comiss\u00e3o.<br \/>\nO governo tem pressa para a aprova\u00e7\u00e3o da PEC para viabilizar o pagamento do programa Aux\u00edlio Brasil. A proposta \u00e9 defendida pelo governo para acarretar uma abertura fiscal suficiente para bancar o incremento do Bolsa Fam\u00edlia, de forma a pagar R$ 400 a 17 milh\u00f5es de fam\u00edlias.<br \/>\nA proposta ainda encontra resist\u00eancia na Casa e o relator do projeto na CCJ e l\u00edder do governo na no Senado, Fernando Bezerra (MDB), tem articulado em busca de mais apoio entre os senadores. Uma das solu\u00e7\u00f5es propostas visando trazer apoio de 27 parlamentares do MDB e do PSD \u00e9 tornar o Aux\u00edlio Brasil permanente.<br \/>\nO presidente do Senado, Rodrigo Pacheco (PSD) comentou na semana passada que a sugest\u00e3o seria &#8220;inteligente&#8221; e &#8220;perfeitamente poss\u00edvel&#8221;, mas que h\u00e1 a necessidade de avaliar as quest\u00f5es or\u00e7ament\u00e1rias. &#8220;Vejamos s\u00f3 qual ser\u00e1 o impacto disso e a possibilidade de ser acolhida&#8221;, disse Pacheco.<br \/>\nEle acrescentou que &#8220;o precat\u00f3rio precisa ser pago porque \u00e9 d\u00edvida e, consequentemente, precisa ser honrado. Ao mesmo tempo, n\u00f3s precisamos estabelecer um programa social no Brasil para poder atender as pessoas vulner\u00e1veis, as pessoas de baixa renda, as pessoas com dificuldade.\u201d<\/p>","protected":false},"excerpt":{"rendered":"<p>A PEC dos precat\u00f3rios foi pautada para as pr\u00f3ximas tr\u00eas sess\u00f5es deliberativas no plen\u00e1rio do Senado Federal, a come\u00e7ar por esta ter\u00e7a-feira, 30, e seguindo at\u00e9 quinta, 2 , sempre \u00e0s 16h. A mat\u00e9ria s\u00f3 pode ser votada, no entanto, ap\u00f3s aprova\u00e7\u00e3o na CCJ e ainda n\u00e3o h\u00e1 nenhuma previs\u00e3o de discuss\u00e3o sobre o assunto<\/p>\n<div class=\"read-more-wrapper\"><a class=\"read-more\" href=\"https:\/\/www2.comunitaria.com.br\/en\/pec-dos-precatorios-pode-ser-votada-nesta-terca-feira\/\" title=\"Read More\"> <span class=\"button\">Read More<\/span><\/a><\/div>","protected":false},"author":2,"featured_media":51051,"comment_status":"open","ping_status":"closed","sticky":false,"template":"","format":"standard","meta":{"ngg_post_thumbnail":0,"footnotes":""},"categories":[33],"tags":[],"class_list":["post-51049","post","type-post","status-publish","format-standard","has-post-thumbnail","hentry","category-noticias"],"amp_enabled":true,"_links":{"self":[{"href":"https:\/\/www2.comunitaria.com.br\/en\/wp-json\/wp\/v2\/posts\/51049","targetHints":{"allow":["GET"]}}],"collection":[{"href":"https:\/\/www2.comunitaria.com.br\/en\/wp-json\/wp\/v2\/posts"}],"about":[{"href":"https:\/\/www2.comunitaria.com.br\/en\/wp-json\/wp\/v2\/types\/post"}],"author":[{"embeddable":true,"href":"https:\/\/www2.comunitaria.com.br\/en\/wp-json\/wp\/v2\/users\/2"}],"replies":[{"embeddable":true,"href":"https:\/\/www2.comunitaria.com.br\/en\/wp-json\/wp\/v2\/comments?post=51049"}],"version-history":[{"count":0,"href":"https:\/\/www2.comunitaria.com.br\/en\/wp-json\/wp\/v2\/posts\/51049\/revisions"}],"wp:featuredmedia":[{"embeddable":true,"href":"https:\/\/www2.comunitaria.com.br\/en\/wp-json\/wp\/v2\/media\/51051"}],"wp:attachment":[{"href":"https:\/\/www2.comunitaria.com.br\/en\/wp-json\/wp\/v2\/media?parent=51049"}],"wp:term":[{"taxonomy":"category","embeddable":true,"href":"https:\/\/www2.comunitaria.com.br\/en\/wp-json\/wp\/v2\/categories?post=51049"},{"taxonomy":"post_tag","embeddable":true,"href":"https:\/\/www2.comunitaria.com.br\/en\/wp-json\/wp\/v2\/tags?post=51049"}],"curies":[{"name":"wp","href":"https:\/\/api.w.org\/{rel}","templated":true}]}}