{"id":50836,"date":"2021-11-18T17:10:55","date_gmt":"2021-11-18T19:10:55","guid":{"rendered":"http:\/\/www2.comunitaria.com.br\/?p=50836"},"modified":"2021-11-18T17:10:55","modified_gmt":"2021-11-18T19:10:55","slug":"sicredi-forca-de-vontade-e-persistencia-tornam-empresa-referencia-em-alpestre-rs","status":"publish","type":"post","link":"https:\/\/www2.comunitaria.com.br\/en\/sicredi-forca-de-vontade-e-persistencia-tornam-empresa-referencia-em-alpestre-rs\/","title":{"rendered":"Sicredi: For\u00e7a de vontade e persist\u00eancia tornam empresa refer\u00eancia em Alpestre\/RS"},"content":{"rendered":"<p>As dificuldades financeiras n\u00e3o foram empecilho para Gilmar Noronha, tornar real o sonho de ter uma empresa. At\u00e9 os 24 anos, ele morou e trabalhou com a fam\u00edlia, em Palmeira das Miss\u00f5es\/RS. Em busca de novas oportunidades, decidiu abrir uma loja no Munic\u00edpio de Alpestre\/RS, apoiado por um irm\u00e3o que tinha o mesmo neg\u00f3cio em Planalto\/RS \u2013 cidade pr\u00f3xima.<br \/>\nPara iniciar o empreendimento, Gilmar locou uma sala comercial e durante quatro anos, ele e a esposa, Daiana Maria Fontana, moraram nos fundos da empresa, sempre contando com o apoio do Sicredi para progredir nos seus projetos.<br \/>\n\u2013 Quando acabamos de pagar o primeiro financiamento, compramos o terreno onde atualmente temos a Casa Noronha. Nesta \u00e9poca, engravidei da primeira filha e, ent\u00e3o, alugamos uma casa maior para morarmos. Para dar seguimento aos nossos planos, precisamos de um novo financiamento para erguer a primeira parte da constru\u00e7\u00e3o. Meu pai nos ajudou a pagarmos a m\u00e3o-de-obra. Para diminuir custos, nos mudamos para a garagem, ao lado da obra, at\u00e9 fazermos o por\u00e3o. Dessa forma seguimos, sempre aos poucos e construindo conforme era poss\u00edvel \u2013 conta Daiana.<br \/>\nCom o tempo, a loja ficou estruturada e tornou-se refer\u00eancia em venda de cal\u00e7ados na cidade. Atualmente, a empresa conta com duas funcion\u00e1rias, al\u00e9m dos propriet\u00e1rios que atuam mais diretamente na dire\u00e7\u00e3o. \u201cTemos certeza que somos uma fam\u00edlia nessa organiza\u00e7\u00e3o, pois dependemos uns dos outros, temos uma boa rela\u00e7\u00e3o e, assim, vamos evoluindo juntos. Mas temos projetos e queremos crescer ainda mais\u201d, assegura o empres\u00e1rio, acrescentando tamb\u00e9m que o Sicredi foi a base financeira que os ajudou a alavancar. \u201cSomos muito gratos \u00e0 Cooperativa e aos seus colaboradores, que sempre confiaram em n\u00f3s e nos nossos sonhos, nos atendendo em tudo o que precisamos com muita aten\u00e7\u00e3o e carinho\u201d, ressalta Noronha.<br \/>\nA satisfa\u00e7\u00e3o da parceria \u00e9 mencionada tamb\u00e9m pela colaboradora, Elizandra Titton.<br \/>\n\u2013 Somos gratos por termos associados como o Gilmar e a Daiana, que acreditam na for\u00e7a do cooperativismo e compartilham seus projetos para que possamos ajud\u00e1-los a concretizar. Temos uma \u00f3tima conviv\u00eancia, e isso nos proporciona uma grande troca de experi\u00eancias e um aprendizado constante. Entendo que fazer parte da vida dos associados, dos sonhos deles e conseguir apoi\u00e1-los para que alcancem seus objetivos \u00e9 uma realiza\u00e7\u00e3o para n\u00f3s tamb\u00e9m, pois isso d\u00e1 sentido ao nosso trabalho. Ent\u00e3o, o sentimento que temos ao ver o desenvolvimento dos empres\u00e1rios \u00e9 de gratid\u00e3o por estarmos fazendo parte da hist\u00f3ria do casal e da loja \u2013, destaca Elizandra.<\/p>","protected":false},"excerpt":{"rendered":"<p>As dificuldades financeiras n\u00e3o foram empecilho para Gilmar Noronha, tornar real o sonho de ter uma empresa. At\u00e9 os 24 anos, ele morou e trabalhou com a fam\u00edlia, em Palmeira&#8230;<\/p>","protected":false},"author":2,"featured_media":50838,"comment_status":"open","ping_status":"closed","sticky":false,"template":"","format":"standard","meta":{"ngg_post_thumbnail":0,"footnotes":""},"categories":[33,43],"tags":[],"class_list":["post-50836","post","type-post","status-publish","format-standard","has-post-thumbnail","hentry","category-noticias","category-regiao"],"amp_enabled":true,"_links":{"self":[{"href":"https:\/\/www2.comunitaria.com.br\/en\/wp-json\/wp\/v2\/posts\/50836","targetHints":{"allow":["GET"]}}],"collection":[{"href":"https:\/\/www2.comunitaria.com.br\/en\/wp-json\/wp\/v2\/posts"}],"about":[{"href":"https:\/\/www2.comunitaria.com.br\/en\/wp-json\/wp\/v2\/types\/post"}],"author":[{"embeddable":true,"href":"https:\/\/www2.comunitaria.com.br\/en\/wp-json\/wp\/v2\/users\/2"}],"replies":[{"embeddable":true,"href":"https:\/\/www2.comunitaria.com.br\/en\/wp-json\/wp\/v2\/comments?post=50836"}],"version-history":[{"count":0,"href":"https:\/\/www2.comunitaria.com.br\/en\/wp-json\/wp\/v2\/posts\/50836\/revisions"}],"wp:featuredmedia":[{"embeddable":true,"href":"https:\/\/www2.comunitaria.com.br\/en\/wp-json\/wp\/v2\/media\/50838"}],"wp:attachment":[{"href":"https:\/\/www2.comunitaria.com.br\/en\/wp-json\/wp\/v2\/media?parent=50836"}],"wp:term":[{"taxonomy":"category","embeddable":true,"href":"https:\/\/www2.comunitaria.com.br\/en\/wp-json\/wp\/v2\/categories?post=50836"},{"taxonomy":"post_tag","embeddable":true,"href":"https:\/\/www2.comunitaria.com.br\/en\/wp-json\/wp\/v2\/tags?post=50836"}],"curies":[{"name":"wp","href":"https:\/\/api.w.org\/{rel}","templated":true}]}}