{"id":50736,"date":"2021-11-12T16:41:33","date_gmt":"2021-11-12T18:41:33","guid":{"rendered":"http:\/\/www2.comunitaria.com.br\/?p=50736"},"modified":"2021-11-12T16:41:33","modified_gmt":"2021-11-12T18:41:33","slug":"fw-ira-estreiar-o-festival-itinerante-da-musica-brasileira","status":"publish","type":"post","link":"https:\/\/www2.comunitaria.com.br\/en\/fw-ira-estreiar-o-festival-itinerante-da-musica-brasileira\/","title":{"rendered":"FW ir\u00e1 estreiar o Festival Itinerante da M\u00fasica Brasileira"},"content":{"rendered":"<p>O Festival Itinerante da M\u00fasica Brasileira tem sua primeira edi\u00e7\u00e3o e iniciar\u00e1 em Frederico Westphalen neste s\u00e1bado, 13.<\/p>\n<p>Com o objetivo de ser um evento competitivo de composi\u00e7\u00f5es in\u00e9ditas, tem como principal caracter\u00edstica acontecer todo ano em algum lugar diferente. Iniciar\u00e1 &nbsp;nos dias 13 e 14 de novembro, em Frederico Westphalen, Qualquer composi\u00e7\u00e3o, em qualquer ritmo, e em l\u00edngua portuguesa estar\u00e1 apta a concorrer a uma das 14 vagas da competi\u00e7\u00e3o.<br \/>\nConfira a programa\u00e7\u00e3o:&nbsp;<\/p>\n<p><a href=\"http:\/\/www2.comunitaria.com.br\/en\/fw-ira-estreiar-o-festival-itinerante-da-musica-brasileira\/whatsapp-image-2021-11-12-at-11-39-14-1\/\" rel=\"attachment wp-att-50739\"><img loading=\"lazy\" decoding=\"async\" class=\"aligncenter size-large wp-image-50739\" src=\"http:\/\/www2.comunitaria.com.br\/wp-content\/uploads\/2021\/11\/WhatsApp-Image-2021-11-12-at-11.39.14-1-1024x1024.jpeg\" alt=\"\" width=\"1024\" height=\"1024\" srcset=\"https:\/\/www2.comunitaria.com.br\/wp-content\/uploads\/2021\/11\/WhatsApp-Image-2021-11-12-at-11.39.14-1-1024x1024.jpeg 1024w, https:\/\/www2.comunitaria.com.br\/wp-content\/uploads\/2021\/11\/WhatsApp-Image-2021-11-12-at-11.39.14-1-150x150.jpeg 150w, https:\/\/www2.comunitaria.com.br\/wp-content\/uploads\/2021\/11\/WhatsApp-Image-2021-11-12-at-11.39.14-1-300x300.jpeg 300w, https:\/\/www2.comunitaria.com.br\/wp-content\/uploads\/2021\/11\/WhatsApp-Image-2021-11-12-at-11.39.14-1-768x768.jpeg 768w, https:\/\/www2.comunitaria.com.br\/wp-content\/uploads\/2021\/11\/WhatsApp-Image-2021-11-12-at-11.39.14-1.jpeg 1080w, https:\/\/www2.comunitaria.com.br\/wp-content\/uploads\/2021\/11\/WhatsApp-Image-2021-11-12-at-11.39.14-1-65x65.jpeg 65w\" sizes=\"auto, (max-width: 1024px) 100vw, 1024px\" \/><\/a> <a href=\"http:\/\/www2.comunitaria.com.br\/en\/fw-ira-estreiar-o-festival-itinerante-da-musica-brasileira\/whatsapp-image-2021-11-12-at-11-39-14\/\" rel=\"attachment wp-att-50740\"><img loading=\"lazy\" decoding=\"async\" class=\"aligncenter size-large wp-image-50740\" src=\"http:\/\/www2.comunitaria.com.br\/wp-content\/uploads\/2021\/11\/WhatsApp-Image-2021-11-12-at-11.39.14-1024x1024.jpeg\" alt=\"\" width=\"1024\" height=\"1024\" srcset=\"https:\/\/www2.comunitaria.com.br\/wp-content\/uploads\/2021\/11\/WhatsApp-Image-2021-11-12-at-11.39.14-1024x1024.jpeg 1024w, https:\/\/www2.comunitaria.com.br\/wp-content\/uploads\/2021\/11\/WhatsApp-Image-2021-11-12-at-11.39.14-150x150.jpeg 150w, https:\/\/www2.comunitaria.com.br\/wp-content\/uploads\/2021\/11\/WhatsApp-Image-2021-11-12-at-11.39.14-300x300.jpeg 300w, https:\/\/www2.comunitaria.com.br\/wp-content\/uploads\/2021\/11\/WhatsApp-Image-2021-11-12-at-11.39.14-768x768.jpeg 768w, https:\/\/www2.comunitaria.com.br\/wp-content\/uploads\/2021\/11\/WhatsApp-Image-2021-11-12-at-11.39.14-1080x1080.jpeg 1080w, https:\/\/www2.comunitaria.com.br\/wp-content\/uploads\/2021\/11\/WhatsApp-Image-2021-11-12-at-11.39.14-65x65.jpeg 65w, https:\/\/www2.comunitaria.com.br\/wp-content\/uploads\/2021\/11\/WhatsApp-Image-2021-11-12-at-11.39.14.jpeg 1200w\" sizes=\"auto, (max-width: 1024px) 100vw, 1024px\" \/><\/a><\/p>","protected":false},"excerpt":{"rendered":"<p>O Festival Itinerante da M\u00fasica Brasileira tem sua primeira edi\u00e7\u00e3o e iniciar\u00e1 em Frederico Westphalen neste s\u00e1bado, 13. Com o objetivo de ser um evento competitivo de composi\u00e7\u00f5es in\u00e9ditas, tem&#8230;<\/p>","protected":false},"author":2,"featured_media":50738,"comment_status":"open","ping_status":"closed","sticky":false,"template":"","format":"standard","meta":{"ngg_post_thumbnail":0,"footnotes":""},"categories":[3593,42,28],"tags":[],"class_list":["post-50736","post","type-post","status-publish","format-standard","has-post-thumbnail","hentry","category-cultura","category-fred-west","category-destaque"],"amp_enabled":true,"_links":{"self":[{"href":"https:\/\/www2.comunitaria.com.br\/en\/wp-json\/wp\/v2\/posts\/50736","targetHints":{"allow":["GET"]}}],"collection":[{"href":"https:\/\/www2.comunitaria.com.br\/en\/wp-json\/wp\/v2\/posts"}],"about":[{"href":"https:\/\/www2.comunitaria.com.br\/en\/wp-json\/wp\/v2\/types\/post"}],"author":[{"embeddable":true,"href":"https:\/\/www2.comunitaria.com.br\/en\/wp-json\/wp\/v2\/users\/2"}],"replies":[{"embeddable":true,"href":"https:\/\/www2.comunitaria.com.br\/en\/wp-json\/wp\/v2\/comments?post=50736"}],"version-history":[{"count":0,"href":"https:\/\/www2.comunitaria.com.br\/en\/wp-json\/wp\/v2\/posts\/50736\/revisions"}],"wp:featuredmedia":[{"embeddable":true,"href":"https:\/\/www2.comunitaria.com.br\/en\/wp-json\/wp\/v2\/media\/50738"}],"wp:attachment":[{"href":"https:\/\/www2.comunitaria.com.br\/en\/wp-json\/wp\/v2\/media?parent=50736"}],"wp:term":[{"taxonomy":"category","embeddable":true,"href":"https:\/\/www2.comunitaria.com.br\/en\/wp-json\/wp\/v2\/categories?post=50736"},{"taxonomy":"post_tag","embeddable":true,"href":"https:\/\/www2.comunitaria.com.br\/en\/wp-json\/wp\/v2\/tags?post=50736"}],"curies":[{"name":"wp","href":"https:\/\/api.w.org\/{rel}","templated":true}]}}