{"id":50714,"date":"2021-11-11T16:55:18","date_gmt":"2021-11-11T18:55:18","guid":{"rendered":"http:\/\/www2.comunitaria.com.br\/?p=50714"},"modified":"2021-11-11T16:55:18","modified_gmt":"2021-11-11T18:55:18","slug":"opiniao-o-que-muda-com-o-novo-ensino-medio","status":"publish","type":"post","link":"https:\/\/www2.comunitaria.com.br\/en\/opiniao-o-que-muda-com-o-novo-ensino-medio\/","title":{"rendered":"Opini\u00e3o: O que muda com o novo Ensino M\u00e9dio?"},"content":{"rendered":"<p>Voc\u00ea j\u00e1 parou para pensar nas mudan\u00e7as do novo ensino m\u00e9dio, aprovado pelo governo em fevereiro de 2017? A reforma apresenta mudan\u00e7as na modalidade do ensino.<br \/>\nNo quadro Opini\u00e3o desta semana, Clenio Mazzonetto aborda essa quest\u00e3o e como isso ir\u00e1 refletir em toda a popula\u00e7\u00e3o.<\/p>","protected":false},"excerpt":{"rendered":"<p>Voc\u00ea j\u00e1 parou para pensar nas mudan\u00e7as do novo ensino m\u00e9dio, aprovado pelo governo em fevereiro de 2017? A reforma apresenta mudan\u00e7as na modalidade do ensino. No quadro Opini\u00e3o desta&#8230;<\/p>","protected":false},"author":2,"featured_media":50716,"comment_status":"open","ping_status":"closed","sticky":false,"template":"","format":"standard","meta":{"ngg_post_thumbnail":0,"footnotes":""},"categories":[33,6171],"tags":[],"class_list":["post-50714","post","type-post","status-publish","format-standard","has-post-thumbnail","hentry","category-noticias","category-opiniao"],"amp_enabled":true,"_links":{"self":[{"href":"https:\/\/www2.comunitaria.com.br\/en\/wp-json\/wp\/v2\/posts\/50714","targetHints":{"allow":["GET"]}}],"collection":[{"href":"https:\/\/www2.comunitaria.com.br\/en\/wp-json\/wp\/v2\/posts"}],"about":[{"href":"https:\/\/www2.comunitaria.com.br\/en\/wp-json\/wp\/v2\/types\/post"}],"author":[{"embeddable":true,"href":"https:\/\/www2.comunitaria.com.br\/en\/wp-json\/wp\/v2\/users\/2"}],"replies":[{"embeddable":true,"href":"https:\/\/www2.comunitaria.com.br\/en\/wp-json\/wp\/v2\/comments?post=50714"}],"version-history":[{"count":0,"href":"https:\/\/www2.comunitaria.com.br\/en\/wp-json\/wp\/v2\/posts\/50714\/revisions"}],"wp:featuredmedia":[{"embeddable":true,"href":"https:\/\/www2.comunitaria.com.br\/en\/wp-json\/wp\/v2\/media\/50716"}],"wp:attachment":[{"href":"https:\/\/www2.comunitaria.com.br\/en\/wp-json\/wp\/v2\/media?parent=50714"}],"wp:term":[{"taxonomy":"category","embeddable":true,"href":"https:\/\/www2.comunitaria.com.br\/en\/wp-json\/wp\/v2\/categories?post=50714"},{"taxonomy":"post_tag","embeddable":true,"href":"https:\/\/www2.comunitaria.com.br\/en\/wp-json\/wp\/v2\/tags?post=50714"}],"curies":[{"name":"wp","href":"https:\/\/api.w.org\/{rel}","templated":true}]}}