{"id":50698,"date":"2021-11-14T18:38:58","date_gmt":"2021-11-14T20:38:58","guid":{"rendered":"http:\/\/www2.comunitaria.com.br\/?p=50698"},"modified":"2021-11-16T08:42:07","modified_gmt":"2021-11-16T10:42:07","slug":"de-volta-a-elite-uniao-vence-lageadense-e-conquista-vaga-na-seria-a-do-gauchao","status":"publish","type":"post","link":"https:\/\/www2.comunitaria.com.br\/en\/de-volta-a-elite-uniao-vence-lageadense-e-conquista-vaga-na-seria-a-do-gauchao\/","title":{"rendered":"De volta a elite: Uni\u00e3o vence Lajeadense e conquista vaga na s\u00e9ria A do gauch\u00e3o"},"content":{"rendered":"<p>&nbsp;Hist\u00f3rico. A incr\u00edvel temporada do Uni\u00e3o Frederiquense&nbsp; foi coroada neste domingo, 14, com o acesso para a primeira divis\u00e3o do futebol ga\u00facho. Depois de empatar em 1 a 1 fora de casa, o tricolor contou com o apoio de sua&nbsp; torcida para vencer o Lajeadense por 3 a 1 e garantir vaga na elite.&nbsp;<\/p>\n<p>Os gols foram marcados por Marquinhos, Gabriel Rossetto e Julio Cezar .<\/p>\n<p>&nbsp;<\/p>\n<p><strong>Confira a campanha do acesso:&nbsp;<\/strong><\/p>\n<p>14 JOGOS<\/p>\n<p>11 VIT\u00d3RIAS<\/p>\n<p>6 EMPATES<\/p>\n<p>1 DERROTA<\/p>\n<p>&nbsp;<\/p>","protected":false},"excerpt":{"rendered":"<p>&nbsp;Hist\u00f3rico. A incr\u00edvel temporada do Uni\u00e3o Frederiquense&nbsp; foi coroada neste domingo, 14, com o acesso para a primeira divis\u00e3o do futebol ga\u00facho. Depois de empatar em 1 a 1 fora&#8230;<\/p>","protected":false},"author":2,"featured_media":50764,"comment_status":"open","ping_status":"closed","sticky":false,"template":"","format":"standard","meta":{"ngg_post_thumbnail":0,"footnotes":""},"categories":[42,28,33,48],"tags":[],"class_list":["post-50698","post","type-post","status-publish","format-standard","has-post-thumbnail","hentry","category-fred-west","category-destaque","category-noticias","category-uniao-frederiquense"],"amp_enabled":true,"_links":{"self":[{"href":"https:\/\/www2.comunitaria.com.br\/en\/wp-json\/wp\/v2\/posts\/50698","targetHints":{"allow":["GET"]}}],"collection":[{"href":"https:\/\/www2.comunitaria.com.br\/en\/wp-json\/wp\/v2\/posts"}],"about":[{"href":"https:\/\/www2.comunitaria.com.br\/en\/wp-json\/wp\/v2\/types\/post"}],"author":[{"embeddable":true,"href":"https:\/\/www2.comunitaria.com.br\/en\/wp-json\/wp\/v2\/users\/2"}],"replies":[{"embeddable":true,"href":"https:\/\/www2.comunitaria.com.br\/en\/wp-json\/wp\/v2\/comments?post=50698"}],"version-history":[{"count":0,"href":"https:\/\/www2.comunitaria.com.br\/en\/wp-json\/wp\/v2\/posts\/50698\/revisions"}],"wp:featuredmedia":[{"embeddable":true,"href":"https:\/\/www2.comunitaria.com.br\/en\/wp-json\/wp\/v2\/media\/50764"}],"wp:attachment":[{"href":"https:\/\/www2.comunitaria.com.br\/en\/wp-json\/wp\/v2\/media?parent=50698"}],"wp:term":[{"taxonomy":"category","embeddable":true,"href":"https:\/\/www2.comunitaria.com.br\/en\/wp-json\/wp\/v2\/categories?post=50698"},{"taxonomy":"post_tag","embeddable":true,"href":"https:\/\/www2.comunitaria.com.br\/en\/wp-json\/wp\/v2\/tags?post=50698"}],"curies":[{"name":"wp","href":"https:\/\/api.w.org\/{rel}","templated":true}]}}