{"id":50680,"date":"2021-11-10T16:46:19","date_gmt":"2021-11-10T18:46:19","guid":{"rendered":"http:\/\/www2.comunitaria.com.br\/?p=50680"},"modified":"2021-11-10T16:46:19","modified_gmt":"2021-11-10T18:46:19","slug":"sicredi-alto-uruguai-rs-sc-mg-proporciona-novos-conhecimentos-em-marketing-aos-associados","status":"publish","type":"post","link":"https:\/\/www2.comunitaria.com.br\/en\/sicredi-alto-uruguai-rs-sc-mg-proporciona-novos-conhecimentos-em-marketing-aos-associados\/","title":{"rendered":"Sicredi Alto Uruguai RS\/SC\/MG proporciona novos conhecimentos em Marketing aos associados"},"content":{"rendered":"<p>Recentemente, empreendedores de Modelo\/SC e Novo Tiradentes\/RS receberam novos conhecimentos sobre Marketing Digital em iniciativas que contaram com o apoio da Cooperativa.<br \/>\nNo munic\u00edpio do oeste catarinense, a parceria entre Sicredi Alto Uruguai RS\/SC\/MG, Sebrae e Associa\u00e7\u00e3o Comercial e Industrial de Modelo (ACIMO), oportunizou a capacita\u00e7\u00e3o para cerca de 10 empres\u00e1rias, com tem\u00e1ticas voltadas para as novidades apresentadas pelas redes sociais e como utiliz\u00e1-las conforme cada nicho de trabalho, com a facilitadora, Liziane Lauermann.<br \/>\n\u2013 A palestra foi muito positiva, a palestrante tem bastante conhecimento e nos trouxe algumas novidades, alguns par\u00e2metros das redes sociais, e com isso, nos fez lembrar de alguns pontos que estavam esquecidos no tempo, que n\u00f3s sabemos, mas n\u00e3o estavam sendo usados. A palestrante \u00e9 nota 10 e agrade\u00e7o ao Sicredi por nos ter dado essa oportunidade \u2013, destacou Michelli Dall Agnol, participante do encontro.<br \/>\nJ\u00e1 em Novo Tiradentes\/RS, a colaboradora K\u00e1ssia Lutz, esteve presente com empres\u00e1rios associados da Associa\u00e7\u00e3o Comercial de Novo Tiradentes para abordar o tema e trazer novidades sobre as ferramentas dispon\u00edveis, e, al\u00e9m disso, apresentar m\u00e9todos que visam melhorar a experi\u00eancia do consumidor, o atendimento ao cliente. Para o tesoureiro da entidade, Jeferson Zandon\u00e1, relatou os principais benef\u00edcios que teve durante a capacita\u00e7\u00e3o.<br \/>\n\u2013 A experi\u00eancia foi muito positiva, pois aprendemos como satisfazer os clientes, a usar do marketing como porta de entrada aos nossos clientes em nossas lojas, onde nossa apresenta\u00e7\u00e3o vai ser a nossa vitrine digital, montada por n\u00f3s mesmos, ou por profissionais competentes contratados. Aprendemos a criar emo\u00e7\u00f5es positivas aos nossos clientes, com mais personaliza\u00e7\u00e3o, compras com muito mais agilidade e interatividade, entre o cliente e o produto, assim proporcionando experi\u00eancias que v\u00e3o ficar marcadas para sempre \u2013, frisou. Zandon\u00e1 completa ao afirmar sobre o fomento do esp\u00edrito cooperativista na comunidade.<br \/>\n\u2013 A Sicredi tem a preocupa\u00e7\u00e3o com o futuro do nosso com\u00e9rcio local. Isso mostra o real esp\u00edrito cooperativo nos associados e na comunidade onde est\u00e1 inserida. O verdadeiro esp\u00edrito de coopera\u00e7\u00e3o aparece nessas horas, onde dificuldades surgem, e os companheiros cooperam para superar juntos e crescer em \u00e9pocas dif\u00edceis \u2013 conclui.<\/p>","protected":false},"excerpt":{"rendered":"<p>Recentemente, empreendedores de Modelo\/SC e Novo Tiradentes\/RS receberam novos conhecimentos sobre Marketing Digital em iniciativas que contaram com o apoio da Cooperativa. No munic\u00edpio do oeste catarinense, a parceria entre&#8230;<\/p>","protected":false},"author":2,"featured_media":50682,"comment_status":"open","ping_status":"closed","sticky":false,"template":"","format":"standard","meta":{"ngg_post_thumbnail":0,"footnotes":""},"categories":[42,33],"tags":[],"class_list":["post-50680","post","type-post","status-publish","format-standard","has-post-thumbnail","hentry","category-fred-west","category-noticias"],"amp_enabled":true,"_links":{"self":[{"href":"https:\/\/www2.comunitaria.com.br\/en\/wp-json\/wp\/v2\/posts\/50680","targetHints":{"allow":["GET"]}}],"collection":[{"href":"https:\/\/www2.comunitaria.com.br\/en\/wp-json\/wp\/v2\/posts"}],"about":[{"href":"https:\/\/www2.comunitaria.com.br\/en\/wp-json\/wp\/v2\/types\/post"}],"author":[{"embeddable":true,"href":"https:\/\/www2.comunitaria.com.br\/en\/wp-json\/wp\/v2\/users\/2"}],"replies":[{"embeddable":true,"href":"https:\/\/www2.comunitaria.com.br\/en\/wp-json\/wp\/v2\/comments?post=50680"}],"version-history":[{"count":0,"href":"https:\/\/www2.comunitaria.com.br\/en\/wp-json\/wp\/v2\/posts\/50680\/revisions"}],"wp:featuredmedia":[{"embeddable":true,"href":"https:\/\/www2.comunitaria.com.br\/en\/wp-json\/wp\/v2\/media\/50682"}],"wp:attachment":[{"href":"https:\/\/www2.comunitaria.com.br\/en\/wp-json\/wp\/v2\/media?parent=50680"}],"wp:term":[{"taxonomy":"category","embeddable":true,"href":"https:\/\/www2.comunitaria.com.br\/en\/wp-json\/wp\/v2\/categories?post=50680"},{"taxonomy":"post_tag","embeddable":true,"href":"https:\/\/www2.comunitaria.com.br\/en\/wp-json\/wp\/v2\/tags?post=50680"}],"curies":[{"name":"wp","href":"https:\/\/api.w.org\/{rel}","templated":true}]}}