{"id":50630,"date":"2021-11-08T16:26:11","date_gmt":"2021-11-08T18:26:11","guid":{"rendered":"http:\/\/www2.comunitaria.com.br\/?p=50630"},"modified":"2021-11-08T16:26:11","modified_gmt":"2021-11-08T18:26:11","slug":"gol-deixara-de-ser-fabricado-no-brasil","status":"publish","type":"post","link":"https:\/\/www2.comunitaria.com.br\/en\/gol-deixara-de-ser-fabricado-no-brasil\/","title":{"rendered":"Gol deixar\u00e1 de ser fabricado no Brasil"},"content":{"rendered":"<p>O Gol da Volkswagen deixar\u00e1 de ser produzido no Brasil no fim do pr\u00f3ximo ano. Assim como os dois modelos hist\u00f3ricos da Volks, o Gol tamb\u00e9m sai de linha por n\u00e3o ter condi\u00e7\u00e3o de acompanhar as renova\u00e7\u00f5es exigidas pelo mercado automotivo e pelas novas legisla\u00e7\u00f5es que determinam carros cada vez mais seguros e menos poluentes.<\/p>\n<p>O modelo produzido no Brasil h\u00e1 41 anos em diferentes vers\u00f5es ser\u00e1 substitu\u00eddo, a partir de 2023, pelo Polo Track \u2013 uma vers\u00e3o diferente do Polo atual \u2013 que passar\u00e1 a ser o carro de entrada (o mais barato) da marca. Com novas tecnologias agregadas, contudo, o pre\u00e7o ser\u00e1 superior ao do Gol quando sair de linha.<\/p>\n<p>Em sua trajet\u00f3ria, o Gol foi l\u00edder de vendas por quase 30 anos e o modelo mais exportado pela fabricante.<\/p>","protected":false},"excerpt":{"rendered":"<p>O Gol da Volkswagen deixar\u00e1 de ser produzido no Brasil no fim do pr\u00f3ximo ano. Assim como os dois modelos hist\u00f3ricos da Volks, o Gol tamb\u00e9m sai de linha por n\u00e3o ter condi\u00e7\u00e3o de acompanhar as renova\u00e7\u00f5es exigidas pelo mercado automotivo e pelas novas legisla\u00e7\u00f5es que determinam carros cada vez mais seguros e menos poluentes.<\/p>\n<div class=\"read-more-wrapper\"><a class=\"read-more\" href=\"https:\/\/www2.comunitaria.com.br\/en\/gol-deixara-de-ser-fabricado-no-brasil\/\" title=\"Read More\"> <span class=\"button\">Read More<\/span><\/a><\/div>","protected":false},"author":2,"featured_media":50628,"comment_status":"open","ping_status":"closed","sticky":false,"template":"","format":"standard","meta":{"ngg_post_thumbnail":0,"footnotes":""},"categories":[33],"tags":[],"class_list":["post-50630","post","type-post","status-publish","format-standard","has-post-thumbnail","hentry","category-noticias"],"amp_enabled":true,"_links":{"self":[{"href":"https:\/\/www2.comunitaria.com.br\/en\/wp-json\/wp\/v2\/posts\/50630","targetHints":{"allow":["GET"]}}],"collection":[{"href":"https:\/\/www2.comunitaria.com.br\/en\/wp-json\/wp\/v2\/posts"}],"about":[{"href":"https:\/\/www2.comunitaria.com.br\/en\/wp-json\/wp\/v2\/types\/post"}],"author":[{"embeddable":true,"href":"https:\/\/www2.comunitaria.com.br\/en\/wp-json\/wp\/v2\/users\/2"}],"replies":[{"embeddable":true,"href":"https:\/\/www2.comunitaria.com.br\/en\/wp-json\/wp\/v2\/comments?post=50630"}],"version-history":[{"count":0,"href":"https:\/\/www2.comunitaria.com.br\/en\/wp-json\/wp\/v2\/posts\/50630\/revisions"}],"wp:featuredmedia":[{"embeddable":true,"href":"https:\/\/www2.comunitaria.com.br\/en\/wp-json\/wp\/v2\/media\/50628"}],"wp:attachment":[{"href":"https:\/\/www2.comunitaria.com.br\/en\/wp-json\/wp\/v2\/media?parent=50630"}],"wp:term":[{"taxonomy":"category","embeddable":true,"href":"https:\/\/www2.comunitaria.com.br\/en\/wp-json\/wp\/v2\/categories?post=50630"},{"taxonomy":"post_tag","embeddable":true,"href":"https:\/\/www2.comunitaria.com.br\/en\/wp-json\/wp\/v2\/tags?post=50630"}],"curies":[{"name":"wp","href":"https:\/\/api.w.org\/{rel}","templated":true}]}}