{"id":50599,"date":"2021-11-05T18:18:09","date_gmt":"2021-11-05T20:18:09","guid":{"rendered":"http:\/\/www2.comunitaria.com.br\/?p=50599"},"modified":"2021-11-05T18:18:09","modified_gmt":"2021-11-05T20:18:09","slug":"pufv-realiza-live-humoristica-dedicada-aos-professores","status":"publish","type":"post","link":"https:\/\/www2.comunitaria.com.br\/en\/pufv-realiza-live-humoristica-dedicada-aos-professores\/","title":{"rendered":"PUFV realiza live humor\u00edstica dedicada aos professores"},"content":{"rendered":"<p>Em alus\u00e3o ao m\u00eas dos professores, o Programa A Uni\u00e3o Faz a Vida (PUFV) preparou uma apresenta\u00e7\u00e3o muito especial dedicada \u00e0queles que transmitem informa\u00e7\u00f5es para todas as idades. Realizada no dia 28 de outubro, o humorista Diogo Almeida esteve nas plataformas digitais da Sicredi Alto Uruguai RS\/SC\/MG com o show \u201cVida de Professor\u201d.<\/p>\n<p>Reunindo, aproximadamente, 800 participantes em diversos munic\u00edpios das regi\u00f5es de abrang\u00eancia da Cooperativa, este foi um momento de descontra\u00e7\u00e3o e alegria organizado ap\u00f3s as diversas mudan\u00e7as proporcionadas pela pandemia ao longo do ano. \u201cAchei o momento fant\u00e1stico, que de forma humor\u00edstica e descontra\u00edda, relatou o dia a dia de um professor em tempos de pandemia, trazendo leveza e riso espont\u00e2neo para n\u00f3s, professores\u201d, relatou a professora Sonia Pauletti, de Planalto.<\/p>","protected":false},"excerpt":{"rendered":"<p>Em alus\u00e3o ao m\u00eas dos professores, o Programa A Uni\u00e3o Faz a Vida (PUFV) preparou uma apresenta\u00e7\u00e3o muito especial dedicada \u00e0queles que transmitem informa\u00e7\u00f5es para todas as idades. Realizada no&#8230;<\/p>","protected":false},"author":2,"featured_media":50601,"comment_status":"open","ping_status":"closed","sticky":false,"template":"","format":"standard","meta":{"ngg_post_thumbnail":0,"footnotes":""},"categories":[33],"tags":[],"class_list":["post-50599","post","type-post","status-publish","format-standard","has-post-thumbnail","hentry","category-noticias"],"amp_enabled":true,"_links":{"self":[{"href":"https:\/\/www2.comunitaria.com.br\/en\/wp-json\/wp\/v2\/posts\/50599","targetHints":{"allow":["GET"]}}],"collection":[{"href":"https:\/\/www2.comunitaria.com.br\/en\/wp-json\/wp\/v2\/posts"}],"about":[{"href":"https:\/\/www2.comunitaria.com.br\/en\/wp-json\/wp\/v2\/types\/post"}],"author":[{"embeddable":true,"href":"https:\/\/www2.comunitaria.com.br\/en\/wp-json\/wp\/v2\/users\/2"}],"replies":[{"embeddable":true,"href":"https:\/\/www2.comunitaria.com.br\/en\/wp-json\/wp\/v2\/comments?post=50599"}],"version-history":[{"count":0,"href":"https:\/\/www2.comunitaria.com.br\/en\/wp-json\/wp\/v2\/posts\/50599\/revisions"}],"wp:featuredmedia":[{"embeddable":true,"href":"https:\/\/www2.comunitaria.com.br\/en\/wp-json\/wp\/v2\/media\/50601"}],"wp:attachment":[{"href":"https:\/\/www2.comunitaria.com.br\/en\/wp-json\/wp\/v2\/media?parent=50599"}],"wp:term":[{"taxonomy":"category","embeddable":true,"href":"https:\/\/www2.comunitaria.com.br\/en\/wp-json\/wp\/v2\/categories?post=50599"},{"taxonomy":"post_tag","embeddable":true,"href":"https:\/\/www2.comunitaria.com.br\/en\/wp-json\/wp\/v2\/tags?post=50599"}],"curies":[{"name":"wp","href":"https:\/\/api.w.org\/{rel}","templated":true}]}}