{"id":50587,"date":"2021-11-05T16:07:31","date_gmt":"2021-11-05T18:07:31","guid":{"rendered":"http:\/\/www2.comunitaria.com.br\/?p=50587"},"modified":"2021-11-05T16:07:31","modified_gmt":"2021-11-05T18:07:31","slug":"dallagnol-e-exonerado-do-ministerio-publico-federal","status":"publish","type":"post","link":"https:\/\/www2.comunitaria.com.br\/en\/dallagnol-e-exonerado-do-ministerio-publico-federal\/","title":{"rendered":"Dallagnol \u00e9 exonerado do Minist\u00e9rio P\u00fablico Federal"},"content":{"rendered":"<p>O ex-coordenador da Opera\u00e7\u00e3o Lava Jato Deltan Dallagnol foi exonerado nesta sexta-feira, 5, do cargo de procurador da Rep\u00fablica, da carreira do Minist\u00e9rio P\u00fablico Federal. Dallagnol deixou o Minist\u00e9rio P\u00fablico &#8220;a pedido&#8221;. A exonera\u00e7\u00e3o \u00e9 assinada pelo procurador-geral da Rep\u00fablica, Augusto Aras, e tem efeito a partir de 3 de novembro. A portaria com a decis\u00e3o, publicada no Di\u00e1rio Oficial da Uni\u00e3o (DOU), ainda declara vago o cargo antes ocupado por Dallagnol.<br \/>\nO agora ex-procurador da Rep\u00fablica deve seguir os passos do ex-juiz S\u00e9rgio Moro e entrar para a pol\u00edtica, disputando uma vaga \u00e0 C\u00e2mara dos Deputados em 2022. A expectativa \u00e9 de que se filie ao mesmo partido escolhido por Moro para disputar as elei\u00e7\u00f5es do pr\u00f3ximo ano, o Podemos, liderado pelo senador Alvaro Dias, tamb\u00e9m do Paran\u00e1, assim como Moro e o pr\u00f3prio Dallagnol.<\/p>","protected":false},"excerpt":{"rendered":"<p>O ex-coordenador da Opera\u00e7\u00e3o Lava Jato Deltan Dallagnol foi exonerado nesta sexta-feira, 5, do cargo de procurador da Rep\u00fablica, da carreira do Minist\u00e9rio P\u00fablico Federal. Dallagnol deixou o Minist\u00e9rio P\u00fablico &#8220;a pedido&#8221;. A exonera\u00e7\u00e3o \u00e9 assinada pelo procurador-geral da Rep\u00fablica, Augusto Aras, e tem efeito a partir de 3 de novembro. A portaria com a<\/p>\n<div class=\"read-more-wrapper\"><a class=\"read-more\" href=\"https:\/\/www2.comunitaria.com.br\/en\/dallagnol-e-exonerado-do-ministerio-publico-federal\/\" title=\"Read More\"> <span class=\"button\">Read More<\/span><\/a><\/div>","protected":false},"author":2,"featured_media":50589,"comment_status":"open","ping_status":"closed","sticky":false,"template":"","format":"standard","meta":{"ngg_post_thumbnail":0,"footnotes":""},"categories":[33],"tags":[],"class_list":["post-50587","post","type-post","status-publish","format-standard","has-post-thumbnail","hentry","category-noticias"],"amp_enabled":true,"_links":{"self":[{"href":"https:\/\/www2.comunitaria.com.br\/en\/wp-json\/wp\/v2\/posts\/50587","targetHints":{"allow":["GET"]}}],"collection":[{"href":"https:\/\/www2.comunitaria.com.br\/en\/wp-json\/wp\/v2\/posts"}],"about":[{"href":"https:\/\/www2.comunitaria.com.br\/en\/wp-json\/wp\/v2\/types\/post"}],"author":[{"embeddable":true,"href":"https:\/\/www2.comunitaria.com.br\/en\/wp-json\/wp\/v2\/users\/2"}],"replies":[{"embeddable":true,"href":"https:\/\/www2.comunitaria.com.br\/en\/wp-json\/wp\/v2\/comments?post=50587"}],"version-history":[{"count":0,"href":"https:\/\/www2.comunitaria.com.br\/en\/wp-json\/wp\/v2\/posts\/50587\/revisions"}],"wp:featuredmedia":[{"embeddable":true,"href":"https:\/\/www2.comunitaria.com.br\/en\/wp-json\/wp\/v2\/media\/50589"}],"wp:attachment":[{"href":"https:\/\/www2.comunitaria.com.br\/en\/wp-json\/wp\/v2\/media?parent=50587"}],"wp:term":[{"taxonomy":"category","embeddable":true,"href":"https:\/\/www2.comunitaria.com.br\/en\/wp-json\/wp\/v2\/categories?post=50587"},{"taxonomy":"post_tag","embeddable":true,"href":"https:\/\/www2.comunitaria.com.br\/en\/wp-json\/wp\/v2\/tags?post=50587"}],"curies":[{"name":"wp","href":"https:\/\/api.w.org\/{rel}","templated":true}]}}