{"id":50403,"date":"2021-10-28T14:57:19","date_gmt":"2021-10-28T16:57:19","guid":{"rendered":"http:\/\/www2.comunitaria.com.br\/?p=50403"},"modified":"2021-10-28T14:57:19","modified_gmt":"2021-10-28T16:57:19","slug":"sicredi-com-investimento-em-bacia-leiteira-familia-de-seberi-rs-garante-sucessao-rural","status":"publish","type":"post","link":"https:\/\/www2.comunitaria.com.br\/en\/sicredi-com-investimento-em-bacia-leiteira-familia-de-seberi-rs-garante-sucessao-rural\/","title":{"rendered":"Sicredi: Com investimento em bacia leiteira, fam\u00edlia de Seberi\/RS garante sucess\u00e3o rural"},"content":{"rendered":"<p>Ter os filhos por perto tamb\u00e9m depois de crescidos \u00e9 o desejo da maioria dos pais e conseguir que eles deem sequ\u00eancia ao trabalho desempenhado pela fam\u00edlia, \u00e9 um sonho recorrente. Esta aspira\u00e7\u00e3o dos agricultores, Mauro Chemin e Marli Bottene Chemin, moradores da comunidade de Lajeado Poncio, Seberi\/RS, est\u00e1 se concretizando. Com investimentos significativos em bacia leiteira, os filhos, Marco Ant\u00f4nio e Eduarda, decidiram permanecer na propriedade, garantindo a sucess\u00e3o rural.<\/p>\n<p>H\u00e1 20 anos, Mauro iniciou na atividade leiteira com tr\u00eas vacas \u2013 que eram de sua m\u00e3e \u2013 ordenhadas \u00e0 m\u00e3o, em um pequeno galp\u00e3o distante da resid\u00eancia onde moravam. Com o passar do tempo, a fam\u00edlia conseguiu adquirir outras, chegando a 15 animais.<\/p>\n<p>\u2013 Como quer\u00edamos ampliar o neg\u00f3cio, optamos por instalar o sistema compost barn (grande espa\u00e7o f\u00edsico coberto para descanso das vacas, revestido com serragem e sobras de corte de madeira), pensando tamb\u00e9m no conforto dos animais. Com isso, atualmente estamos com mais de 160 f\u00eameas, destas 80 est\u00e3o em lacta\u00e7\u00e3o, e queremos evoluir. E para nossa alegria, vendo o investimento, os nossos filhos se animaram e decidiram ficar na propriedade, nos ajudando. Tenho muito orgulho dos dois, pois s\u00e3o \u00f3timos filhos, e al\u00e9m de estudarem, se dedicam a nos apoiar e a contribuir com o aumento da produ\u00e7\u00e3o \u2013 conta Mauro.<\/p>\n<p>GRATID\u00c3O&nbsp;<\/p>\n<p>O carinho pelos pais \u00e9 demonstrado tamb\u00e9m pela filha Eduarda. \u201cO pai e a m\u00e3e s\u00e3o tudo nas nossas vidas. Sou muito grata a tudo que sempre fizeram e fazem por n\u00f3s. E este investimento no compost barn, foi uma forma deles nos incentivarem a permanecermos no meio rural, dando sequ\u00eancia a atividade que eles iniciaram e que queremos continuar\u201d, frisa Eduarda.<\/p>\n<p>Da mesma forma, o filho Marco Ant\u00f4nio tem gratid\u00e3o pelo empenho dos pais na sua educa\u00e7\u00e3o e forma\u00e7\u00e3o. \u201cEles nunca mediram esfor\u00e7os para que estiv\u00e9ssemos bem, mesmo sempre trabalhando bastante. Seguindo o exemplo deles, decidi fazer o curso T\u00e9cnico em Agropecu\u00e1ria para me capacitar e me especializar na \u00e1rea agr\u00edcola e, assim, contribuir ainda mais para o crescimento da nossa propriedade\u201d, ressalta o filho.<\/p>\n<p>Para alcan\u00e7ar esta evolu\u00e7\u00e3o, a fam\u00edlia contou com o apoio do Sicredi e da Cotrisal. O consultor t\u00e9cnico da Cotrisal, Maicon Jos\u00e9 Galupo, assegura que acompanhou a propriedade durante todo o per\u00edodo de transi\u00e7\u00e3o, desde quando era sistema a pasto, at\u00e9 hoje que \u00e9 compost barn. \u201cA transi\u00e7\u00e3o e prepara\u00e7\u00e3o dos animais para ingressar nesse novo sistema de produ\u00e7\u00e3o foi cerca de um ano e meio e a fam\u00edlia sempre esteve muito empenhada para alcan\u00e7ar o que projetou. Desempenhamos nosso trabalho para atender agricultores, como o Mauro que luta e trabalha para conquistar o que deseja, e estamos sempre prontos a apoi\u00e1-los nas suas iniciativas\u201d, garante o consultor t\u00e9cnico.<\/p>\n<p>Igualmente, o colaborador da Sicredi Alto Uruguai RS\/SC\/MG, Rog\u00e9rio Taffarel, est\u00e1 feliz por poder, atrav\u00e9s da Cooperativa, realizar o sonho da fam\u00edlia. \u201cSempre que conseguimos contribuir com o desejo de quem precisa, ficamos contentes, pois este \u00e9 um dos nossos prop\u00f3sitos, ajudar no desenvolvimento dos associados. Ver a fam\u00edlia estruturada e sendo pr\u00f3spera na atividade, \u00e9 uma grande satisfa\u00e7\u00e3o para n\u00f3s\u201d, justifica.&nbsp;<\/p>\n<p>O apoio do Sicredi \u00e9 mencionado tamb\u00e9m por Marco Ant\u00f4nio. \u201cSem a ajuda da Cooperativa de Cr\u00e9dito, n\u00e3o ter\u00edamos conseguido fazer este investimento, implantando este sistema de produ\u00e7\u00e3o. Estamos realizados pela institui\u00e7\u00e3o ter confiado em n\u00f3s e no nosso sonho, auxiliando na nossa evolu\u00e7\u00e3o\u201d, finaliza Marco Ant\u00f4nio.<\/p>","protected":false},"excerpt":{"rendered":"<p>Ter os filhos por perto tamb\u00e9m depois de crescidos \u00e9 o desejo da maioria dos pais e conseguir que eles deem sequ\u00eancia ao trabalho desempenhado pela fam\u00edlia, \u00e9 um sonho recorrente. Esta aspira\u00e7\u00e3o dos agricultores, Mauro Chemin e Marli Bottene Chemin, moradores da comunidade de Lajeado Poncio, Seberi\/RS, est\u00e1 se concretizando. Com investimentos significativos em<\/p>\n<div class=\"read-more-wrapper\"><a class=\"read-more\" href=\"https:\/\/www2.comunitaria.com.br\/en\/sicredi-com-investimento-em-bacia-leiteira-familia-de-seberi-rs-garante-sucessao-rural\/\" title=\"Read More\"> <span class=\"button\">Read More<\/span><\/a><\/div>","protected":false},"author":2,"featured_media":50405,"comment_status":"open","ping_status":"closed","sticky":false,"template":"","format":"standard","meta":{"ngg_post_thumbnail":0,"footnotes":""},"categories":[33,43],"tags":[],"class_list":["post-50403","post","type-post","status-publish","format-standard","has-post-thumbnail","hentry","category-noticias","category-regiao"],"amp_enabled":true,"_links":{"self":[{"href":"https:\/\/www2.comunitaria.com.br\/en\/wp-json\/wp\/v2\/posts\/50403","targetHints":{"allow":["GET"]}}],"collection":[{"href":"https:\/\/www2.comunitaria.com.br\/en\/wp-json\/wp\/v2\/posts"}],"about":[{"href":"https:\/\/www2.comunitaria.com.br\/en\/wp-json\/wp\/v2\/types\/post"}],"author":[{"embeddable":true,"href":"https:\/\/www2.comunitaria.com.br\/en\/wp-json\/wp\/v2\/users\/2"}],"replies":[{"embeddable":true,"href":"https:\/\/www2.comunitaria.com.br\/en\/wp-json\/wp\/v2\/comments?post=50403"}],"version-history":[{"count":0,"href":"https:\/\/www2.comunitaria.com.br\/en\/wp-json\/wp\/v2\/posts\/50403\/revisions"}],"wp:featuredmedia":[{"embeddable":true,"href":"https:\/\/www2.comunitaria.com.br\/en\/wp-json\/wp\/v2\/media\/50405"}],"wp:attachment":[{"href":"https:\/\/www2.comunitaria.com.br\/en\/wp-json\/wp\/v2\/media?parent=50403"}],"wp:term":[{"taxonomy":"category","embeddable":true,"href":"https:\/\/www2.comunitaria.com.br\/en\/wp-json\/wp\/v2\/categories?post=50403"},{"taxonomy":"post_tag","embeddable":true,"href":"https:\/\/www2.comunitaria.com.br\/en\/wp-json\/wp\/v2\/tags?post=50403"}],"curies":[{"name":"wp","href":"https:\/\/api.w.org\/{rel}","templated":true}]}}