{"id":50373,"date":"2021-10-27T15:18:16","date_gmt":"2021-10-27T17:18:16","guid":{"rendered":"http:\/\/www2.comunitaria.com.br\/?p=50373"},"modified":"2021-10-27T15:19:24","modified_gmt":"2021-10-27T17:19:24","slug":"exercito-usou-cartoes-corporativos-para-pagar-r-19-mil-em-churrascaria-no-dia-do-impeachment-da-dilma","status":"publish","type":"post","link":"https:\/\/www2.comunitaria.com.br\/en\/exercito-usou-cartoes-corporativos-para-pagar-r-19-mil-em-churrascaria-no-dia-do-impeachment-da-dilma\/","title":{"rendered":"Ex\u00e9rcito usou cart\u00f5es corporativos para pagar R$ 19 mil em churrascaria no dia do impeachment da Dilma"},"content":{"rendered":"<p>Levantamento in\u00e9dito realizado pelo jornalista do Brasil de Fato, mostra que cart\u00f5es corporativos do Ex\u00e9rcito foram usados para pagar contas polpudas em churrascarias.&nbsp;<\/p>\n<p>Militares do Comando do Ex\u00e9rcito gastaram R$ 18.644 em uma churrascaria em Itapecerica da Serra (SP) com o cart\u00e3o de cr\u00e9dito corporativo do governo federal em 31 de agosto de 2016. O pagamento foi feito na data em que Dilma Rousseff (PT) foi afastada definitivamente da Presid\u00eancia da Rep\u00fablica, em vota\u00e7\u00e3o no Senado Federal.<\/p>\n<p>A vota\u00e7\u00e3o do impeachment no Senado acabou por volta das 13h35. Os dados acessados pela reportagem, contudo, n\u00e3o mostram o hor\u00e1rio em que os militares foram \u00e0 churrascaria. N\u00e3o \u00e9 poss\u00edvel afirmar que os oficiais foram ao estabelecimento para \u201cfestejar\u201d a deposi\u00e7\u00e3o da ent\u00e3o presidenta.<\/p>\n<p>Oito dias antes, em 22 de agosto, Valdecir Meurer J\u00fanior dividiu outra conta com colegas militares usando o dinheiro p\u00fablico. Desta vez, pagou R$ 8 mil (terceiro maior pagamento feito a uma churrascaria desde 2015), enquanto Joel Florencio Santos (R$ 2.332) e Bruno Lima Vieira (R$ 4.430) pagaram o restante.<\/p>\n<p>A transa\u00e7\u00e3o foi realizada por tr\u00eas portadores de cart\u00f5es do governo. O maior pagamento foi feito por Valdecir Meurer J\u00fanior, ex-sargento do 62\u00ba Batalh\u00e3o de Infantaria do Ex\u00e9rcito. Ele desembolsou R$ 15.088 pela refei\u00e7\u00e3o. Darlan Schreiber Franz e Joel Flor\u00eancio Santos J\u00fanior \u2013 que seguem no Comando do Ex\u00e9rcito \u2013 pagaram R$ 2.649 e R$ 907, respectivamente.<\/p>\n<p>O desembolso foi feito \u00e0&nbsp;Churrascaria Caminho do Sul, localizada \u00e0s margens da Rodovia R\u00e9gis Bittencourt, em Itapecerica da Serra (SP). De acordo com a&nbsp;justificativa oficial, os valores pagaram refei\u00e7\u00f5es durante deslocamento de tropas militares que envolvidas em uma manobra militar nos Jogos Ol\u00edmpicos e Paral\u00edmpicos de 2016.<\/p>\n<p>&nbsp;<\/p>","protected":false},"excerpt":{"rendered":"<p>Levantamento in\u00e9dito realizado pelo jornalista do Brasil de Fato, mostra que cart\u00f5es corporativos do Ex\u00e9rcito foram usados para pagar contas polpudas em churrascarias.&nbsp; Militares do Comando do Ex\u00e9rcito gastaram R$&#8230;<\/p>","protected":false},"author":2,"featured_media":50375,"comment_status":"open","ping_status":"closed","sticky":false,"template":"","format":"standard","meta":{"ngg_post_thumbnail":0,"footnotes":""},"categories":[33,38],"tags":[],"class_list":["post-50373","post","type-post","status-publish","format-standard","has-post-thumbnail","hentry","category-noticias","category-politica"],"amp_enabled":true,"_links":{"self":[{"href":"https:\/\/www2.comunitaria.com.br\/en\/wp-json\/wp\/v2\/posts\/50373","targetHints":{"allow":["GET"]}}],"collection":[{"href":"https:\/\/www2.comunitaria.com.br\/en\/wp-json\/wp\/v2\/posts"}],"about":[{"href":"https:\/\/www2.comunitaria.com.br\/en\/wp-json\/wp\/v2\/types\/post"}],"author":[{"embeddable":true,"href":"https:\/\/www2.comunitaria.com.br\/en\/wp-json\/wp\/v2\/users\/2"}],"replies":[{"embeddable":true,"href":"https:\/\/www2.comunitaria.com.br\/en\/wp-json\/wp\/v2\/comments?post=50373"}],"version-history":[{"count":0,"href":"https:\/\/www2.comunitaria.com.br\/en\/wp-json\/wp\/v2\/posts\/50373\/revisions"}],"wp:featuredmedia":[{"embeddable":true,"href":"https:\/\/www2.comunitaria.com.br\/en\/wp-json\/wp\/v2\/media\/50375"}],"wp:attachment":[{"href":"https:\/\/www2.comunitaria.com.br\/en\/wp-json\/wp\/v2\/media?parent=50373"}],"wp:term":[{"taxonomy":"category","embeddable":true,"href":"https:\/\/www2.comunitaria.com.br\/en\/wp-json\/wp\/v2\/categories?post=50373"},{"taxonomy":"post_tag","embeddable":true,"href":"https:\/\/www2.comunitaria.com.br\/en\/wp-json\/wp\/v2\/tags?post=50373"}],"curies":[{"name":"wp","href":"https:\/\/api.w.org\/{rel}","templated":true}]}}