{"id":50290,"date":"2021-10-25T14:43:37","date_gmt":"2021-10-25T16:43:37","guid":{"rendered":"http:\/\/www2.comunitaria.com.br\/?p=50290"},"modified":"2021-10-25T14:43:37","modified_gmt":"2021-10-25T16:43:37","slug":"aefw-promove-curso-de-vitrinismo","status":"publish","type":"post","link":"https:\/\/www2.comunitaria.com.br\/en\/aefw-promove-curso-de-vitrinismo\/","title":{"rendered":"AEFW promove curso de vitrinismo"},"content":{"rendered":"<p>Foi realizado o curso de capacita\u00e7\u00e3o em vitrinismo, ministrado pela artista pl\u00e1stica, arquiteta e professora do curso de Arquitetura e Urbanismo da URI\/FW, Me. Fabiana Lopes Zampieri, na \u00faltima quinta-feira, 21, no sal\u00e3o nobre da Associa\u00e7\u00e3o Empresarial ACI\/CDL de FW. O curso, voltado para ornamenta\u00e7\u00e3o e decora\u00e7\u00e3o de vitrines, teve como foco o Frederico em Luz, atendendo demandas apresentadas em reuni\u00f5es na entidade pelo N\u00facleo de Desenvolvimento do Com\u00e9rcio. Segundo Fabiana, \u201cuma vitrine bem planejada aumenta o n\u00famero de clientes interessados nos produtos, facilita a visualiza\u00e7\u00e3o da pe\u00e7a e a idealiza\u00e7\u00e3o no imagin\u00e1rio do consumidor, sendo assim, respons\u00e1vel por quase 70% das vendas das lojas\u201d.<\/p>\n<p>A capacita\u00e7\u00e3o teve dura\u00e7\u00e3o de 4h e os participantes puderam colocar em pr\u00e1tica os ensinamentos da palestrante atrav\u00e9s de atividades de idealiza\u00e7\u00e3o e desenho. Participaram do curso as seguintes empresas: Berenice Criativa, Sirlei Tecidos, Lojas Becker, Rosa Lim\u00e3o, Namast\u00ea Cosm\u00e9ticos e Perfumaria, Telecell Celulares, \u00d3tica Getelina, Mundo Real Variedades, Mundo Real 10, Konan Eletricidade, Pedrinho Auto Pe\u00e7as, Supermercado Razia, \u00d3tica Buligon, Schne hei Floricultura e Decora\u00e7\u00f5es, \u00d3ptica Santa Luzia, Vanessa Modas, Flor de Caf\u00e9 Store, Cotrifred, Farm\u00e1cia Dehon e Itaxandaia.<\/p>","protected":false},"excerpt":{"rendered":"<p>Foi realizado o curso de capacita\u00e7\u00e3o em vitrinismo, ministrado pela artista pl\u00e1stica, arquiteta e professora do curso de Arquitetura e Urbanismo da URI\/FW, Me. Fabiana Lopes Zampieri, na \u00faltima quinta-feira, 21, no sal\u00e3o nobre da Associa\u00e7\u00e3o Empresarial ACI\/CDL de FW. O curso, voltado para ornamenta\u00e7\u00e3o e decora\u00e7\u00e3o de vitrines, teve como foco o Frederico em<\/p>\n<div class=\"read-more-wrapper\"><a class=\"read-more\" href=\"https:\/\/www2.comunitaria.com.br\/en\/aefw-promove-curso-de-vitrinismo\/\" title=\"Read More\"> <span class=\"button\">Read More<\/span><\/a><\/div>","protected":false},"author":2,"featured_media":50292,"comment_status":"open","ping_status":"closed","sticky":false,"template":"","format":"standard","meta":{"ngg_post_thumbnail":0,"footnotes":""},"categories":[42,33],"tags":[],"class_list":["post-50290","post","type-post","status-publish","format-standard","has-post-thumbnail","hentry","category-fred-west","category-noticias"],"amp_enabled":true,"_links":{"self":[{"href":"https:\/\/www2.comunitaria.com.br\/en\/wp-json\/wp\/v2\/posts\/50290","targetHints":{"allow":["GET"]}}],"collection":[{"href":"https:\/\/www2.comunitaria.com.br\/en\/wp-json\/wp\/v2\/posts"}],"about":[{"href":"https:\/\/www2.comunitaria.com.br\/en\/wp-json\/wp\/v2\/types\/post"}],"author":[{"embeddable":true,"href":"https:\/\/www2.comunitaria.com.br\/en\/wp-json\/wp\/v2\/users\/2"}],"replies":[{"embeddable":true,"href":"https:\/\/www2.comunitaria.com.br\/en\/wp-json\/wp\/v2\/comments?post=50290"}],"version-history":[{"count":0,"href":"https:\/\/www2.comunitaria.com.br\/en\/wp-json\/wp\/v2\/posts\/50290\/revisions"}],"wp:featuredmedia":[{"embeddable":true,"href":"https:\/\/www2.comunitaria.com.br\/en\/wp-json\/wp\/v2\/media\/50292"}],"wp:attachment":[{"href":"https:\/\/www2.comunitaria.com.br\/en\/wp-json\/wp\/v2\/media?parent=50290"}],"wp:term":[{"taxonomy":"category","embeddable":true,"href":"https:\/\/www2.comunitaria.com.br\/en\/wp-json\/wp\/v2\/categories?post=50290"},{"taxonomy":"post_tag","embeddable":true,"href":"https:\/\/www2.comunitaria.com.br\/en\/wp-json\/wp\/v2\/tags?post=50290"}],"curies":[{"name":"wp","href":"https:\/\/api.w.org\/{rel}","templated":true}]}}