{"id":50267,"date":"2021-10-22T16:02:46","date_gmt":"2021-10-22T18:02:46","guid":{"rendered":"http:\/\/www2.comunitaria.com.br\/?p=50267"},"modified":"2021-10-22T16:02:46","modified_gmt":"2021-10-22T18:02:46","slug":"escola-afonso-pena-divulga-nota-sobre-casos-positivados-de-covid","status":"publish","type":"post","link":"https:\/\/www2.comunitaria.com.br\/en\/escola-afonso-pena-divulga-nota-sobre-casos-positivados-de-covid\/","title":{"rendered":"Escola Afonso Pena divulga nota sobre casos positivados de Covid"},"content":{"rendered":"<p>A Escola Estadual de Ensino Fundamental Afonso Pena, de Frederico Westphalen, suspendeu suas aulas presenciais nesta \u00faltima semana ap\u00f3s alunos e professores terem testado positivo para a Covid-19. A decis\u00e3o ocorreu entre os membros d a COE Municipal, Equipe Diretiva, 2\u00b0 Coordenadoria de Sa\u00fade e a 20\u00b0 Coordenadoria de Educa\u00e7\u00e3o.<\/p>\n<p>Neste per\u00edodo de afastamento as aulas ser\u00e3o atendidas remotamente, e as depend\u00eancias da escola passar\u00e3o por higieniza\u00e7\u00e3o e sanitiza\u00e7\u00e3o.<br \/>\nDe acordo com Jonathan Carvalho, representante do COE\/local, foi recomendado pela comiss\u00e3o uma delibera\u00e7\u00e3o para sanitiza\u00e7\u00e3o e higieniza\u00e7\u00e3o das salas. \u201cNo nosso entendimento houve certo descontrole nas medidas de preven\u00e7\u00e3o\u201d, destaca Carvalho.<br \/>\nAt\u00e9 o momento s\u00e3o 15 caso confirmados.<\/p>\n<p>A dire\u00e7\u00e3o da escola divulgou uma nota, confira:<br \/>\n&#8220;A escola Afonso Pena, vem ao longos de seus 59 anos, fazendo seu trabalho com qualidade sendo importante destacar a parceria das fam\u00edlias, FAM\u00cdLIA E ESCOLA, sempre trabalhando junto com a institui\u00e7\u00e3o. \u00c9 destaque em n\u00edvel estadual, no IDEB, Ol\u00edmpiadas de Matem\u00e1tica, Recebeu Trof\u00e9u Leonel de Moura Brizola, entre outros destaques. No \u00faltimo dia 14, v\u00e9spera do dia do professor, a Escola foi contemplada como Escola Padr\u00e3o, dentro do Programa Avan\u00e7ar na Educa\u00e7\u00e3o, onde receber\u00e1 v\u00e1rios recursos, para alavancar ainda mais esses \u00edndices Escolares.<br \/>\nA Escola tem como princ\u00edpio, cuidar, preocupar-se com o aprendizado e bem estar de toda a comunidade escolar. Com isso e diante de alguns casos de alunos positivados para COVID, a Equipe Diretiva reuniu-se na \u00faltima ter\u00e7a-feira, dia 19 de outubro, com Representantes da Secretaria de Sa\u00fade do nosso munic\u00edpio, representantes do COE desta unidade de ensino, Representante da 2\u00aa Coordenadoria de Sa\u00fade e representantes da 20\u00aa Coordenadoria de Educa\u00e7\u00e3o de Palmeira das Miss\u00f5es, com o intuito de, em conjunto, decidir quais medidas a escola poderia adotar para frear o avan\u00e7o no n\u00famero de casos e, desta forma, proteger nossos alunos e suas fam\u00edlias (importante salientar ainda que os casos chegaram de fora do nosso ambiente escolar).<br \/>\nCom isso, houve a necessidade de mudar as aulas presenciais para o remoto, por tr\u00eas dias, para que a escola passe por um processo de higieniza\u00e7\u00e3o, primeiramente desenvolvido pela escola, finalizando com uma sanitiza\u00e7\u00e3o, feita por equipe especializada, contratada por este educand\u00e1rio. Os alunos est\u00e3o sendo atendidos atrav\u00e9s da plataforma Google sala de Aula, com aulas MEET, dando continuidade ao trabalho que vinha sendo desenvolvido.<br \/>\nGostar\u00edamos de frisar que segunda-feira, dia 25 de outubro est\u00e1 previsto o retorno das aulas, com exce\u00e7\u00e3o, de quatro turmas de s\u00e9ries inicias, que precisam ser testadas para o Covid-19, em fun\u00e7\u00e3o de alunos estarem positivados nestes grupos. Estes ficam isolados at\u00e9 completar os 14 dias, voltando normalmente ap\u00f3s esse per\u00edodo de isolamento.<br \/>\nUma caracter\u00edstica dos casos que est\u00e3o acontecendo na escola, \u00e9 que as crian\u00e7as est\u00e3o tendo sintomas leves e alguns alunos s\u00e3o at\u00e9 mesmo assintom\u00e1ticos, por isso \u00e9 muito importante a realiza\u00e7\u00e3o dos testes.<br \/>\nVale a pena salientar, que n\u00e3o se trata de um surto, pois o n\u00famero de casos positivados \u00e9 pequeno dentro de uma totalidade de 551 alunos e 50 professores e funcion\u00e1rios.<\/p>\n<p>EQUIPE DIRETIVA<br \/>\nDIRETORA-CECILIA ROMITTI BONDAN&#8221;<\/p>","protected":false},"excerpt":{"rendered":"<p>A Escola Estadual de Ensino Fundamental Afonso Pena, de Frederico Westphalen, suspendeu suas aulas presenciais nesta \u00faltima semana ap\u00f3s alunos e professores terem testado positivo para a Covid-19. A decis\u00e3o ocorreu entre os membros d a COE Municipal, Equipe Diretiva, 2\u00b0 Coordenadoria de Sa\u00fade e a 20\u00b0 Coordenadoria de Educa\u00e7\u00e3o. Neste per\u00edodo de afastamento as<\/p>\n<div class=\"read-more-wrapper\"><a class=\"read-more\" href=\"https:\/\/www2.comunitaria.com.br\/en\/escola-afonso-pena-divulga-nota-sobre-casos-positivados-de-covid\/\" title=\"Read More\"> <span class=\"button\">Read More<\/span><\/a><\/div>","protected":false},"author":2,"featured_media":50269,"comment_status":"open","ping_status":"closed","sticky":false,"template":"","format":"standard","meta":{"ngg_post_thumbnail":0,"footnotes":""},"categories":[28],"tags":[],"class_list":["post-50267","post","type-post","status-publish","format-standard","has-post-thumbnail","hentry","category-destaque"],"amp_enabled":true,"_links":{"self":[{"href":"https:\/\/www2.comunitaria.com.br\/en\/wp-json\/wp\/v2\/posts\/50267","targetHints":{"allow":["GET"]}}],"collection":[{"href":"https:\/\/www2.comunitaria.com.br\/en\/wp-json\/wp\/v2\/posts"}],"about":[{"href":"https:\/\/www2.comunitaria.com.br\/en\/wp-json\/wp\/v2\/types\/post"}],"author":[{"embeddable":true,"href":"https:\/\/www2.comunitaria.com.br\/en\/wp-json\/wp\/v2\/users\/2"}],"replies":[{"embeddable":true,"href":"https:\/\/www2.comunitaria.com.br\/en\/wp-json\/wp\/v2\/comments?post=50267"}],"version-history":[{"count":0,"href":"https:\/\/www2.comunitaria.com.br\/en\/wp-json\/wp\/v2\/posts\/50267\/revisions"}],"wp:featuredmedia":[{"embeddable":true,"href":"https:\/\/www2.comunitaria.com.br\/en\/wp-json\/wp\/v2\/media\/50269"}],"wp:attachment":[{"href":"https:\/\/www2.comunitaria.com.br\/en\/wp-json\/wp\/v2\/media?parent=50267"}],"wp:term":[{"taxonomy":"category","embeddable":true,"href":"https:\/\/www2.comunitaria.com.br\/en\/wp-json\/wp\/v2\/categories?post=50267"},{"taxonomy":"post_tag","embeddable":true,"href":"https:\/\/www2.comunitaria.com.br\/en\/wp-json\/wp\/v2\/tags?post=50267"}],"curies":[{"name":"wp","href":"https:\/\/api.w.org\/{rel}","templated":true}]}}