{"id":50214,"date":"2021-10-20T17:21:29","date_gmt":"2021-10-20T19:21:29","guid":{"rendered":"http:\/\/www2.comunitaria.com.br\/?p=50214"},"modified":"2021-10-20T17:21:29","modified_gmt":"2021-10-20T19:21:29","slug":"tecnologia-e-negocios-no-tom-da-conversa-recebe-junior-alves-na-edicao-de-outubro","status":"publish","type":"post","link":"https:\/\/www2.comunitaria.com.br\/en\/tecnologia-e-negocios-no-tom-da-conversa-recebe-junior-alves-na-edicao-de-outubro\/","title":{"rendered":"Tecnologia e neg\u00f3cios: No Tom da Conversa recebe J\u00fanior Alves na edi\u00e7\u00e3o de outubro"},"content":{"rendered":"<p>Com o tema \u201cComo a transforma\u00e7\u00e3o digital pode determinar o futuro do seu neg\u00f3cio\u201d, a edi\u00e7\u00e3o de outubro do No Tom da Conversa traz o Head de Dados da RS Station e Co-fundador da IKS.Tech para o almo\u00e7o-palestra. O evento acontecer\u00e1 na quarta-feira, dia 27 de outubro, \u00e0s 11h45, no sal\u00e3o nobre da Associa\u00e7\u00e3o Empresarial ACI\/CDL. Esta edi\u00e7\u00e3o conta com o patroc\u00ednio da Cresol Raiz, Unimed Noroeste\/RS, Sicredi Alto Uruguai RS\/SC\/MG e Tch\u00ea Turbo Telecom.<\/p>\n<p>O PALESTRANTE J\u00daNIOR ALVES<br \/>\nJ\u00fanior Alves \u00e9 bacharel em Administra\u00e7\u00e3o pela UFRGS, com P\u00f3s-gradua\u00e7\u00e3o em Engenharia de Software pela UFRGS, em Intelig\u00eancia Artificial pelo MIT e em Estrat\u00e9gia de Transforma\u00e7\u00e3o pelo Programa de Forma\u00e7\u00e3o de Executivos da Universidade de Berkeley, na Calif\u00f3rnia.<br \/>\nPossui mais de 20 anos de experi\u00eancia em tecnologia, com passagens por empresas consolidadas como Grupo SLC, Grupo RBS e Lojas Renner, e por startups de grande relev\u00e2ncia nacional como Zenvia e RD Station, onde ocupa o cargo de Head de Dados na engenharia da RD. Empreendedor e co-fundador da IKS.Tech, uma rede de colabora\u00e7\u00e3o de Startups.<\/p>\n<p>INGRESSOS LIMITADOS<br \/>\nOs ingressos s\u00e3o limitados, no valor de R$55,00 para n\u00e3o associados e R$45 para associados da AEFW. O ingresso inclui a palestra, bebidas e almo\u00e7o, e devem ser adquiridos at\u00e9 o dia 25 de outubro pelos telefones (55) 9 9664-7400 ou (55) 3744-4244.<\/p>","protected":false},"excerpt":{"rendered":"<p>Com o tema \u201cComo a transforma\u00e7\u00e3o digital pode determinar o futuro do seu neg\u00f3cio\u201d, a edi\u00e7\u00e3o de outubro do No Tom da Conversa traz o Head de Dados da RS&#8230;<\/p>","protected":false},"author":2,"featured_media":50216,"comment_status":"open","ping_status":"closed","sticky":false,"template":"","format":"standard","meta":{"ngg_post_thumbnail":0,"footnotes":""},"categories":[33],"tags":[],"class_list":["post-50214","post","type-post","status-publish","format-standard","has-post-thumbnail","hentry","category-noticias"],"amp_enabled":true,"_links":{"self":[{"href":"https:\/\/www2.comunitaria.com.br\/en\/wp-json\/wp\/v2\/posts\/50214","targetHints":{"allow":["GET"]}}],"collection":[{"href":"https:\/\/www2.comunitaria.com.br\/en\/wp-json\/wp\/v2\/posts"}],"about":[{"href":"https:\/\/www2.comunitaria.com.br\/en\/wp-json\/wp\/v2\/types\/post"}],"author":[{"embeddable":true,"href":"https:\/\/www2.comunitaria.com.br\/en\/wp-json\/wp\/v2\/users\/2"}],"replies":[{"embeddable":true,"href":"https:\/\/www2.comunitaria.com.br\/en\/wp-json\/wp\/v2\/comments?post=50214"}],"version-history":[{"count":0,"href":"https:\/\/www2.comunitaria.com.br\/en\/wp-json\/wp\/v2\/posts\/50214\/revisions"}],"wp:featuredmedia":[{"embeddable":true,"href":"https:\/\/www2.comunitaria.com.br\/en\/wp-json\/wp\/v2\/media\/50216"}],"wp:attachment":[{"href":"https:\/\/www2.comunitaria.com.br\/en\/wp-json\/wp\/v2\/media?parent=50214"}],"wp:term":[{"taxonomy":"category","embeddable":true,"href":"https:\/\/www2.comunitaria.com.br\/en\/wp-json\/wp\/v2\/categories?post=50214"},{"taxonomy":"post_tag","embeddable":true,"href":"https:\/\/www2.comunitaria.com.br\/en\/wp-json\/wp\/v2\/tags?post=50214"}],"curies":[{"name":"wp","href":"https:\/\/api.w.org\/{rel}","templated":true}]}}