{"id":50139,"date":"2021-10-18T15:16:23","date_gmt":"2021-10-18T17:16:23","guid":{"rendered":"http:\/\/www2.comunitaria.com.br\/?p=50139"},"modified":"2021-10-18T15:16:23","modified_gmt":"2021-10-18T17:16:23","slug":"curso-de-vitrinismo-para-o-natal-acontece-nesta-quinta-feira","status":"publish","type":"post","link":"https:\/\/www2.comunitaria.com.br\/en\/curso-de-vitrinismo-para-o-natal-acontece-nesta-quinta-feira\/","title":{"rendered":"Curso de Vitrinismo para o Natal acontece nesta quinta-feira"},"content":{"rendered":"<p>Com o objetivo de atender a demanda apontada em reuni\u00e3o do N\u00facleo de Desenvolvimento do Com\u00e9rcio, a Associa\u00e7\u00e3o Empresarial ACI\/CDL de FW promover\u00e1 uma capacita\u00e7\u00e3o para ornamenta\u00e7\u00e3o e decora\u00e7\u00e3o das vitrines, como foco no Frederico em Luz. O curso ser\u00e1 ministrado pela professora do curso de Arquitetura e Urbanismo da URI\/FW, Me. Fabiana Lopes Zampieri, nesta quinta-feira dia 21 de outubro, com dura\u00e7\u00e3o de 4 horas. O investimento \u00e9 de R$90,00 para p\u00fablico geral e R$50,00 para empresas associadas da AEFW, sendo ingressos limitados.&nbsp;<\/p>\n<p>&nbsp;<\/p>","protected":false},"excerpt":{"rendered":"<p>Com o objetivo de atender a demanda apontada em reuni\u00e3o do N\u00facleo de Desenvolvimento do Com\u00e9rcio, a Associa\u00e7\u00e3o Empresarial ACI\/CDL de FW promover\u00e1 uma capacita\u00e7\u00e3o para ornamenta\u00e7\u00e3o e decora\u00e7\u00e3o das vitrines, como foco no Frederico em Luz. O curso ser\u00e1 ministrado pela professora do curso de Arquitetura e Urbanismo da URI\/FW, Me. Fabiana Lopes Zampieri,<\/p>\n<div class=\"read-more-wrapper\"><a class=\"read-more\" href=\"https:\/\/www2.comunitaria.com.br\/en\/curso-de-vitrinismo-para-o-natal-acontece-nesta-quinta-feira\/\" title=\"Read More\"> <span class=\"button\">Read More<\/span><\/a><\/div>","protected":false},"author":2,"featured_media":50141,"comment_status":"open","ping_status":"closed","sticky":false,"template":"","format":"standard","meta":{"ngg_post_thumbnail":0,"footnotes":""},"categories":[33],"tags":[],"class_list":["post-50139","post","type-post","status-publish","format-standard","has-post-thumbnail","hentry","category-noticias"],"amp_enabled":true,"_links":{"self":[{"href":"https:\/\/www2.comunitaria.com.br\/en\/wp-json\/wp\/v2\/posts\/50139","targetHints":{"allow":["GET"]}}],"collection":[{"href":"https:\/\/www2.comunitaria.com.br\/en\/wp-json\/wp\/v2\/posts"}],"about":[{"href":"https:\/\/www2.comunitaria.com.br\/en\/wp-json\/wp\/v2\/types\/post"}],"author":[{"embeddable":true,"href":"https:\/\/www2.comunitaria.com.br\/en\/wp-json\/wp\/v2\/users\/2"}],"replies":[{"embeddable":true,"href":"https:\/\/www2.comunitaria.com.br\/en\/wp-json\/wp\/v2\/comments?post=50139"}],"version-history":[{"count":0,"href":"https:\/\/www2.comunitaria.com.br\/en\/wp-json\/wp\/v2\/posts\/50139\/revisions"}],"wp:featuredmedia":[{"embeddable":true,"href":"https:\/\/www2.comunitaria.com.br\/en\/wp-json\/wp\/v2\/media\/50141"}],"wp:attachment":[{"href":"https:\/\/www2.comunitaria.com.br\/en\/wp-json\/wp\/v2\/media?parent=50139"}],"wp:term":[{"taxonomy":"category","embeddable":true,"href":"https:\/\/www2.comunitaria.com.br\/en\/wp-json\/wp\/v2\/categories?post=50139"},{"taxonomy":"post_tag","embeddable":true,"href":"https:\/\/www2.comunitaria.com.br\/en\/wp-json\/wp\/v2\/tags?post=50139"}],"curies":[{"name":"wp","href":"https:\/\/api.w.org\/{rel}","templated":true}]}}