{"id":50048,"date":"2021-10-14T15:57:34","date_gmt":"2021-10-14T17:57:34","guid":{"rendered":"http:\/\/www2.comunitaria.com.br\/?p=50048"},"modified":"2021-10-14T15:57:34","modified_gmt":"2021-10-14T17:57:34","slug":"julgamento-de-lula-contra-moro-e-marcado-para-maio-de-2022-afirma-comite-da-onu","status":"publish","type":"post","link":"https:\/\/www2.comunitaria.com.br\/en\/julgamento-de-lula-contra-moro-e-marcado-para-maio-de-2022-afirma-comite-da-onu\/","title":{"rendered":"Julgamento de Lula contra Moro \u00e9 marcado  para maio de 2022, afirma Comit\u00ea da ONU"},"content":{"rendered":"<p>O Comit\u00ea de Direitos Humanos da Organiza\u00e7\u00e3o das Na\u00e7\u00f5es Unidas (ONU) marcou para maio de 2022 o exame final do caso envolvendo o ex-presidente Luiz In\u00e1cio Lula da Silva. A queixa foi apresentada pela defesa do ex-presidente ainda em 2016, sob a alega\u00e7\u00e3o de que o ent\u00e3o juiz Sergio Moro atuava de maneira parcial, ferindo assim o Pacto Internacional de Direitos Civis e Pol\u00edticos, do qual o Brasil \u00e9 signat\u00e1rio.<br \/>\nO Comit\u00ea indica que j\u00e1 concluiu tanto a avalia\u00e7\u00e3o sobre a admissibilidade do caso como a quest\u00e3o do m\u00e9rito. Por\u00e9m, a decis\u00e3o cabe aos 18 peritos do \u00f3rg\u00e3o, que se re\u00fanem daqui a sete meses. Na ocasi\u00e3o, dever\u00e1 ser proferida a decis\u00e3o final sobre o caso.<br \/>\nEm junho deste ano, o Supremo Tribunal Federal (STF) declarou Moro suspeito, anulando a condena\u00e7\u00e3o contra Lula no processo do tr\u00edplex do Guaruj\u00e1 (SP). Em fun\u00e7\u00e3o da suspei\u00e7\u00e3o do ent\u00e3o juiz, a pena contra Lula no caso do s\u00edtio de Atibaia tamb\u00e9m foi anulada. Livre de qualquer condena\u00e7\u00e3o, o ex-presidente est\u00e1 apto a concorrer nas elei\u00e7\u00f5es do ano que vem.<br \/>\nAntes mesmo do julgamento da suspei\u00e7\u00e3o de Moro, o Comit\u00ea de Direitos Humanos da ONU j\u00e1 deu a primeira vit\u00f3ria para Lula, em agosto de 2018. O \u00f3rg\u00e3o ent\u00e3o recomendou \u00e0s autoridades brasileiras que mantivessem os direitos pol\u00edticos de Lula, at\u00e9 que o seu caso fosse avaliado pelo Supremo Tribunal Federal (STF). As determina\u00e7\u00f5es do comit\u00ea internacional, contudo, foram ignoradas, excluindo o ex-presidente das \u00faltimas elei\u00e7\u00f5es.<\/p>","protected":false},"excerpt":{"rendered":"<p>O Comit\u00ea de Direitos Humanos da Organiza\u00e7\u00e3o das Na\u00e7\u00f5es Unidas (ONU) marcou para maio de 2022 o exame final do caso envolvendo o ex-presidente Luiz In\u00e1cio Lula da Silva. A queixa foi apresentada pela defesa do ex-presidente ainda em 2016, sob a alega\u00e7\u00e3o de que o ent\u00e3o juiz Sergio Moro atuava de maneira parcial, ferindo<\/p>\n<div class=\"read-more-wrapper\"><a class=\"read-more\" href=\"https:\/\/www2.comunitaria.com.br\/en\/julgamento-de-lula-contra-moro-e-marcado-para-maio-de-2022-afirma-comite-da-onu\/\" title=\"Read More\"> <span class=\"button\">Read More<\/span><\/a><\/div>","protected":false},"author":2,"featured_media":37681,"comment_status":"open","ping_status":"closed","sticky":false,"template":"","format":"standard","meta":{"ngg_post_thumbnail":0,"footnotes":""},"categories":[33,38],"tags":[],"class_list":["post-50048","post","type-post","status-publish","format-standard","has-post-thumbnail","hentry","category-noticias","category-politica"],"amp_enabled":true,"_links":{"self":[{"href":"https:\/\/www2.comunitaria.com.br\/en\/wp-json\/wp\/v2\/posts\/50048","targetHints":{"allow":["GET"]}}],"collection":[{"href":"https:\/\/www2.comunitaria.com.br\/en\/wp-json\/wp\/v2\/posts"}],"about":[{"href":"https:\/\/www2.comunitaria.com.br\/en\/wp-json\/wp\/v2\/types\/post"}],"author":[{"embeddable":true,"href":"https:\/\/www2.comunitaria.com.br\/en\/wp-json\/wp\/v2\/users\/2"}],"replies":[{"embeddable":true,"href":"https:\/\/www2.comunitaria.com.br\/en\/wp-json\/wp\/v2\/comments?post=50048"}],"version-history":[{"count":0,"href":"https:\/\/www2.comunitaria.com.br\/en\/wp-json\/wp\/v2\/posts\/50048\/revisions"}],"wp:featuredmedia":[{"embeddable":true,"href":"https:\/\/www2.comunitaria.com.br\/en\/wp-json\/wp\/v2\/media\/37681"}],"wp:attachment":[{"href":"https:\/\/www2.comunitaria.com.br\/en\/wp-json\/wp\/v2\/media?parent=50048"}],"wp:term":[{"taxonomy":"category","embeddable":true,"href":"https:\/\/www2.comunitaria.com.br\/en\/wp-json\/wp\/v2\/categories?post=50048"},{"taxonomy":"post_tag","embeddable":true,"href":"https:\/\/www2.comunitaria.com.br\/en\/wp-json\/wp\/v2\/tags?post=50048"}],"curies":[{"name":"wp","href":"https:\/\/api.w.org\/{rel}","templated":true}]}}