{"id":50020,"date":"2021-10-13T15:08:22","date_gmt":"2021-10-13T17:08:22","guid":{"rendered":"http:\/\/www2.comunitaria.com.br\/?p=50020"},"modified":"2021-10-13T15:08:22","modified_gmt":"2021-10-13T17:08:22","slug":"rs-41-mil-criancas-e-adolescentes-ja-estao-imunizadas-apos-primeira-semana-de-multivacinacao","status":"publish","type":"post","link":"https:\/\/www2.comunitaria.com.br\/en\/rs-41-mil-criancas-e-adolescentes-ja-estao-imunizadas-apos-primeira-semana-de-multivacinacao\/","title":{"rendered":"RS: 41 mil crian\u00e7as e adolescentes j\u00e1 est\u00e3o imunizadas ap\u00f3s primeira semana de multivacina\u00e7\u00e3o"},"content":{"rendered":"<p>O governo do Estado registrou, na primeira semana da multivacina\u00e7\u00e3o, a procura de 41 mil crian\u00e7as e adolescentes menores de 15 anos aos postos de sa\u00fade. Dessas, 23 mil tinham alguma dose em atraso que puderam colocar em dia.<br \/>\nSegundo o governo estadual, a estrat\u00e9gia \u00e9 importante neste momento para elevar as coberturas vacinais, que j\u00e1 vinham em um cen\u00e1rio de queda nos \u00faltimos anos e que a pandemia acentuou ainda mais. No pr\u00f3ximo s\u00e1bado ocorre o \u201cDia D\u201d, data em que os munic\u00edpios abrir\u00e3o extraordinariamente as Unidades B\u00e1sicas de Sa\u00fade para a imuniza\u00e7\u00e3o desse p\u00fablico.<br \/>\nAo todo, o calend\u00e1rio de vacina\u00e7\u00e3o prev\u00ea 14 tipos de vacinas at\u00e9 os sete anos de idade e outras oito at\u00e9 os 15 anos, fora as que ocorrem em campanhas espec\u00edficas, como a da gripe e da Covid-19.<\/p>","protected":false},"excerpt":{"rendered":"<p>O governo do Estado registrou, na primeira semana da multivacina\u00e7\u00e3o, a procura de 41 mil crian\u00e7as e adolescentes menores de 15 anos aos postos de sa\u00fade. Dessas, 23 mil tinham&#8230;<\/p>","protected":false},"author":2,"featured_media":50022,"comment_status":"open","ping_status":"closed","sticky":false,"template":"","format":"standard","meta":{"ngg_post_thumbnail":0,"footnotes":""},"categories":[28,37],"tags":[],"class_list":["post-50020","post","type-post","status-publish","format-standard","has-post-thumbnail","hentry","category-destaque","category-saude"],"amp_enabled":true,"_links":{"self":[{"href":"https:\/\/www2.comunitaria.com.br\/en\/wp-json\/wp\/v2\/posts\/50020","targetHints":{"allow":["GET"]}}],"collection":[{"href":"https:\/\/www2.comunitaria.com.br\/en\/wp-json\/wp\/v2\/posts"}],"about":[{"href":"https:\/\/www2.comunitaria.com.br\/en\/wp-json\/wp\/v2\/types\/post"}],"author":[{"embeddable":true,"href":"https:\/\/www2.comunitaria.com.br\/en\/wp-json\/wp\/v2\/users\/2"}],"replies":[{"embeddable":true,"href":"https:\/\/www2.comunitaria.com.br\/en\/wp-json\/wp\/v2\/comments?post=50020"}],"version-history":[{"count":0,"href":"https:\/\/www2.comunitaria.com.br\/en\/wp-json\/wp\/v2\/posts\/50020\/revisions"}],"wp:featuredmedia":[{"embeddable":true,"href":"https:\/\/www2.comunitaria.com.br\/en\/wp-json\/wp\/v2\/media\/50022"}],"wp:attachment":[{"href":"https:\/\/www2.comunitaria.com.br\/en\/wp-json\/wp\/v2\/media?parent=50020"}],"wp:term":[{"taxonomy":"category","embeddable":true,"href":"https:\/\/www2.comunitaria.com.br\/en\/wp-json\/wp\/v2\/categories?post=50020"},{"taxonomy":"post_tag","embeddable":true,"href":"https:\/\/www2.comunitaria.com.br\/en\/wp-json\/wp\/v2\/tags?post=50020"}],"curies":[{"name":"wp","href":"https:\/\/api.w.org\/{rel}","templated":true}]}}