{"id":49952,"date":"2021-10-08T16:06:53","date_gmt":"2021-10-08T18:06:53","guid":{"rendered":"http:\/\/www2.comunitaria.com.br\/?p=49952"},"modified":"2021-10-08T16:06:53","modified_gmt":"2021-10-08T18:06:53","slug":"faurgs-renova-credenciamento-para-apoiar-projetos-da-ufsm","status":"publish","type":"post","link":"https:\/\/www2.comunitaria.com.br\/en\/faurgs-renova-credenciamento-para-apoiar-projetos-da-ufsm\/","title":{"rendered":"FAURGS renova credenciamento para apoiar projetos da UFSM"},"content":{"rendered":"<p>A Funda\u00e7\u00e3o de Apoio da Universidade Federal do Rio Grande do Sul (FAURGS) e a Universidade Federal de Santa Maria (UFSM) encaminharam neste m\u00eas a renova\u00e7\u00e3o do credenciamento para que a institui\u00e7\u00e3o de ensino superior possa contar com o apoio e a coopera\u00e7\u00e3o em projetos e pesquisas.<\/p>\n<p>Os contatos que definiram os avan\u00e7os no credenciamento contaram com as participa\u00e7\u00f5es da diretora-presidente da FAURGS, Ana Rita Facchini, do reitor da UFSM, Paulo Afonso Burmann, do Pr\u00f3-Reitor de Administra\u00e7\u00e3o, Jos\u00e9 Carlos Segalla e do coordenador de Transfer\u00eancia e Tecnologia da Ag\u00eancia de Inova\u00e7\u00e3o e Transfer\u00eancia de Tecnologia (Agittec), &nbsp;Lucas Ortiz, entre outras lideran\u00e7as.<\/p>\n<p>\u201cApostamos na pesquisa como indutora da melhoria da qualidade do ensino e do desenvolvimento. Por isso, nosso papel \u00e9 facilitar o trabalho dos pesquisadores no financiamento e gerenciamento dos recursos, buscando as melhores alternativas no mercado, al\u00e9m de auxiliar em outros processos como editais e quest\u00f5es burocr\u00e1ticas. A UFSM \u00e9 uma universidade com potencial gigante e, por isso, n\u00e3o apenas renovamos como esperamos fortalecer a parceria\u201d, destacou a diretora-presidente da FAURGS.<\/p>\n<p>Atualmente, pelo menos quatro projetos de pesquisa envolvendo a FAURGS e a UFSM j\u00e1 est\u00e3o em andamento nas \u00e1reas da engenharia e de ci\u00eancias exatas e naturais. Entre eles, iniciativas relacionadas \u00e0 Petrobras e ao programa Rota2030, envolvendo o desenvolvimento de novas tecnologias que poder\u00e3o trazer ganhos para a ind\u00fastria e o meio ambiente.<\/p>\n<p>\u201cO di\u00e1logo est\u00e1 sendo positivo e queremos avan\u00e7ar nessa parceria para que possamos ampliar o n\u00famero de projetos em coopera\u00e7\u00e3o com a Faurgs. Estamos avaliando tamb\u00e9m a possibilidade de criar uma unidade da Funda\u00e7\u00e3o dentro da UFSM, hip\u00f3tese acenada pela FAURGS e que julgamos extremamente relevante para estreitar esta rela\u00e7\u00e3o\u201d, projetou o coordenador da Agittec.<\/p>\n<p>&nbsp;<\/p>","protected":false},"excerpt":{"rendered":"<p>A Funda\u00e7\u00e3o de Apoio da Universidade Federal do Rio Grande do Sul (FAURGS) e a Universidade Federal de Santa Maria (UFSM) encaminharam neste m\u00eas a renova\u00e7\u00e3o do credenciamento para que a institui\u00e7\u00e3o de ensino superior possa contar com o apoio e a coopera\u00e7\u00e3o em projetos e pesquisas. Os contatos que definiram os avan\u00e7os no credenciamento<\/p>\n<div class=\"read-more-wrapper\"><a class=\"read-more\" href=\"https:\/\/www2.comunitaria.com.br\/en\/faurgs-renova-credenciamento-para-apoiar-projetos-da-ufsm\/\" title=\"Read More\"> <span class=\"button\">Read More<\/span><\/a><\/div>","protected":false},"author":2,"featured_media":49954,"comment_status":"open","ping_status":"closed","sticky":false,"template":"","format":"standard","meta":{"ngg_post_thumbnail":0,"footnotes":""},"categories":[44,33],"tags":[],"class_list":["post-49952","post","type-post","status-publish","format-standard","has-post-thumbnail","hentry","category-educacao","category-noticias"],"amp_enabled":true,"_links":{"self":[{"href":"https:\/\/www2.comunitaria.com.br\/en\/wp-json\/wp\/v2\/posts\/49952","targetHints":{"allow":["GET"]}}],"collection":[{"href":"https:\/\/www2.comunitaria.com.br\/en\/wp-json\/wp\/v2\/posts"}],"about":[{"href":"https:\/\/www2.comunitaria.com.br\/en\/wp-json\/wp\/v2\/types\/post"}],"author":[{"embeddable":true,"href":"https:\/\/www2.comunitaria.com.br\/en\/wp-json\/wp\/v2\/users\/2"}],"replies":[{"embeddable":true,"href":"https:\/\/www2.comunitaria.com.br\/en\/wp-json\/wp\/v2\/comments?post=49952"}],"version-history":[{"count":0,"href":"https:\/\/www2.comunitaria.com.br\/en\/wp-json\/wp\/v2\/posts\/49952\/revisions"}],"wp:featuredmedia":[{"embeddable":true,"href":"https:\/\/www2.comunitaria.com.br\/en\/wp-json\/wp\/v2\/media\/49954"}],"wp:attachment":[{"href":"https:\/\/www2.comunitaria.com.br\/en\/wp-json\/wp\/v2\/media?parent=49952"}],"wp:term":[{"taxonomy":"category","embeddable":true,"href":"https:\/\/www2.comunitaria.com.br\/en\/wp-json\/wp\/v2\/categories?post=49952"},{"taxonomy":"post_tag","embeddable":true,"href":"https:\/\/www2.comunitaria.com.br\/en\/wp-json\/wp\/v2\/tags?post=49952"}],"curies":[{"name":"wp","href":"https:\/\/api.w.org\/{rel}","templated":true}]}}