{"id":49938,"date":"2021-10-08T15:28:09","date_gmt":"2021-10-08T17:28:09","guid":{"rendered":"http:\/\/www2.comunitaria.com.br\/?p=49938"},"modified":"2021-10-08T15:28:09","modified_gmt":"2021-10-08T17:28:09","slug":"ufsm-e-a-30a-universidade-mais-popular-do-brasil","status":"publish","type":"post","link":"https:\/\/www2.comunitaria.com.br\/en\/ufsm-e-a-30a-universidade-mais-popular-do-brasil\/","title":{"rendered":"UFSM \u00e9 a 30\u00aa universidade mais popular do Brasil"},"content":{"rendered":"<p>A Universidade Federal de Santa Maria (UFSM) obteve destaque na \u00faltima edi\u00e7\u00e3o do UniRank, levantamento que mede a popularidade de institui\u00e7\u00f5es ao redor do mundo atrav\u00e9s da relev\u00e2ncia e presen\u00e7a nas redes sociais, se sobressaindo entre as universidades p\u00fablicas da Am\u00e9rica Latina e do Brasil. Dentre as latino-americanas, a UFSM ficou no 59\u00ba lugar, e, entre as brasileiras, ficou na 30\u00aa posi\u00e7\u00e3o. No territ\u00f3rio nacional, a universidade subiu 15 posi\u00e7\u00f5es em rela\u00e7\u00e3o ao ano anterior, indo do 45\u00ba para o 30\u00ba lugar. O desempenho da institui\u00e7\u00e3o no ranqueamento de 2021 fez com que parte do Desafio 6 do Plano de Metas fosse atingido antes de 2022.<br \/>\nEntre os Institutos Federais (IFES), a UFSM conquistou a 19\u00aa coloca\u00e7\u00e3o, sendo, no estado do Rio Grande do Sul, a segunda universidade mais popular. No ranking de popularidade mundial, apenas uma institui\u00e7\u00e3o brasileira figurou entre as 200.<br \/>\nO coordenador de Comunica\u00e7\u00e3o Social da UFSM, Maur\u00edcio Dias, comentou sobre o papel da pandemia na ascens\u00e3o de posi\u00e7\u00f5es: \u201cO fato das pessoas buscarem mais informa\u00e7\u00f5es com credibilidade, e tamb\u00e9m o fato da comunica\u00e7\u00e3o como um todo ter trabalhado com uma s\u00e9rie de iniciativas que buscam divulgar informa\u00e7\u00f5es e combater a desinforma\u00e7\u00e3o, ajudou muito. Mostrar aquilo que est\u00e1 acontecendo na institui\u00e7\u00e3o, fazer lives [\u2026], \u00e9 uma s\u00e9rie de iniciativas que faz com que as pessoas se interessem mais por onde elas podem obter as informa\u00e7\u00f5es de uma maneira mais r\u00e1pida e que sejam confi\u00e1veis, ou seja, nas nossas redes sociais\u201d, destacou o jornalista.<\/p>","protected":false},"excerpt":{"rendered":"<p>A Universidade Federal de Santa Maria (UFSM) obteve destaque na \u00faltima edi\u00e7\u00e3o do UniRank, levantamento que mede a popularidade de institui\u00e7\u00f5es ao redor do mundo atrav\u00e9s da relev\u00e2ncia e presen\u00e7a nas redes sociais, se sobressaindo entre as universidades p\u00fablicas da Am\u00e9rica Latina e do Brasil. Dentre as latino-americanas, a UFSM ficou no 59\u00ba lugar, e,<\/p>\n<div class=\"read-more-wrapper\"><a class=\"read-more\" href=\"https:\/\/www2.comunitaria.com.br\/en\/ufsm-e-a-30a-universidade-mais-popular-do-brasil\/\" title=\"Read More\"> <span class=\"button\">Read More<\/span><\/a><\/div>","protected":false},"author":2,"featured_media":49940,"comment_status":"open","ping_status":"closed","sticky":false,"template":"","format":"standard","meta":{"ngg_post_thumbnail":0,"footnotes":""},"categories":[44,33],"tags":[],"class_list":["post-49938","post","type-post","status-publish","format-standard","has-post-thumbnail","hentry","category-educacao","category-noticias"],"amp_enabled":true,"_links":{"self":[{"href":"https:\/\/www2.comunitaria.com.br\/en\/wp-json\/wp\/v2\/posts\/49938","targetHints":{"allow":["GET"]}}],"collection":[{"href":"https:\/\/www2.comunitaria.com.br\/en\/wp-json\/wp\/v2\/posts"}],"about":[{"href":"https:\/\/www2.comunitaria.com.br\/en\/wp-json\/wp\/v2\/types\/post"}],"author":[{"embeddable":true,"href":"https:\/\/www2.comunitaria.com.br\/en\/wp-json\/wp\/v2\/users\/2"}],"replies":[{"embeddable":true,"href":"https:\/\/www2.comunitaria.com.br\/en\/wp-json\/wp\/v2\/comments?post=49938"}],"version-history":[{"count":0,"href":"https:\/\/www2.comunitaria.com.br\/en\/wp-json\/wp\/v2\/posts\/49938\/revisions"}],"wp:featuredmedia":[{"embeddable":true,"href":"https:\/\/www2.comunitaria.com.br\/en\/wp-json\/wp\/v2\/media\/49940"}],"wp:attachment":[{"href":"https:\/\/www2.comunitaria.com.br\/en\/wp-json\/wp\/v2\/media?parent=49938"}],"wp:term":[{"taxonomy":"category","embeddable":true,"href":"https:\/\/www2.comunitaria.com.br\/en\/wp-json\/wp\/v2\/categories?post=49938"},{"taxonomy":"post_tag","embeddable":true,"href":"https:\/\/www2.comunitaria.com.br\/en\/wp-json\/wp\/v2\/tags?post=49938"}],"curies":[{"name":"wp","href":"https:\/\/api.w.org\/{rel}","templated":true}]}}