{"id":49932,"date":"2021-10-08T15:14:26","date_gmt":"2021-10-08T17:14:26","guid":{"rendered":"http:\/\/www2.comunitaria.com.br\/?p=49932"},"modified":"2021-10-08T15:14:26","modified_gmt":"2021-10-08T17:14:26","slug":"cultura-fernanda-montenegro-assume-academia-brasileira-de-letras-em-novembro","status":"publish","type":"post","link":"https:\/\/www2.comunitaria.com.br\/en\/cultura-fernanda-montenegro-assume-academia-brasileira-de-letras-em-novembro\/","title":{"rendered":"Cultura: Fernanda Montenegro assume Academia Brasileira de Letras em novembro"},"content":{"rendered":"<p>A atriz Fernanda Montenegro, que completa 92 anos no pr\u00f3ximo dia 16, \u00e9 a \u00fanica inscrita \u00e0 cadeira de n\u00famero 17 da Academia Brasileira de Letras (ABL), assim, deve se tornar a pr\u00f3xima imortal. Ela confirmou a sua candidatura \u00e0 vaga no dia 6 de agosto e o prazo para novas inscri\u00e7\u00f5es foi encerrado em 3 de setembro.<br \/>\nA confirma\u00e7\u00e3o de que a atriz \u00e9 a \u00fanica candidata inscrita foi enviada por email informal pela secretaria da institui\u00e7\u00e3o, de acordo com um membro da ABL.<br \/>\nFernanda Montenegro s\u00f3 ir\u00e1 ocupar oficialmente no pr\u00f3ximo dia 4 de novembro a cadeira 17, que ficou vaga com a morte do diplomata Affonso Arinos de Mello Franco, em mar\u00e7o do ano passado.<br \/>\nA atriz j\u00e1 chegou a ser celebrada at\u00e9 mesmo pelo poeta Carlos Drummond de Andrade: \u201cEla n\u00e3o se preocupa somente em elevar ao mais alto n\u00edvel sua arte de representar, mas insiste igualmente em meditar sobre o sentido, a fun\u00e7\u00e3o, a dignidade, a express\u00e3o social da condi\u00e7\u00e3o de ator em qualquer tempo e lugar\u201d.<\/p>","protected":false},"excerpt":{"rendered":"<p>A atriz Fernanda Montenegro, que completa 92 anos no pr\u00f3ximo dia 16, \u00e9 a \u00fanica inscrita \u00e0 cadeira de n\u00famero 17 da Academia Brasileira de Letras (ABL), assim, deve se&#8230;<\/p>","protected":false},"author":2,"featured_media":49934,"comment_status":"open","ping_status":"closed","sticky":false,"template":"","format":"standard","meta":{"ngg_post_thumbnail":0,"footnotes":""},"categories":[47,3593,33],"tags":[],"class_list":["post-49932","post","type-post","status-publish","format-standard","has-post-thumbnail","hentry","category-brasil","category-cultura","category-noticias"],"amp_enabled":true,"_links":{"self":[{"href":"https:\/\/www2.comunitaria.com.br\/en\/wp-json\/wp\/v2\/posts\/49932","targetHints":{"allow":["GET"]}}],"collection":[{"href":"https:\/\/www2.comunitaria.com.br\/en\/wp-json\/wp\/v2\/posts"}],"about":[{"href":"https:\/\/www2.comunitaria.com.br\/en\/wp-json\/wp\/v2\/types\/post"}],"author":[{"embeddable":true,"href":"https:\/\/www2.comunitaria.com.br\/en\/wp-json\/wp\/v2\/users\/2"}],"replies":[{"embeddable":true,"href":"https:\/\/www2.comunitaria.com.br\/en\/wp-json\/wp\/v2\/comments?post=49932"}],"version-history":[{"count":0,"href":"https:\/\/www2.comunitaria.com.br\/en\/wp-json\/wp\/v2\/posts\/49932\/revisions"}],"wp:featuredmedia":[{"embeddable":true,"href":"https:\/\/www2.comunitaria.com.br\/en\/wp-json\/wp\/v2\/media\/49934"}],"wp:attachment":[{"href":"https:\/\/www2.comunitaria.com.br\/en\/wp-json\/wp\/v2\/media?parent=49932"}],"wp:term":[{"taxonomy":"category","embeddable":true,"href":"https:\/\/www2.comunitaria.com.br\/en\/wp-json\/wp\/v2\/categories?post=49932"},{"taxonomy":"post_tag","embeddable":true,"href":"https:\/\/www2.comunitaria.com.br\/en\/wp-json\/wp\/v2\/tags?post=49932"}],"curies":[{"name":"wp","href":"https:\/\/api.w.org\/{rel}","templated":true}]}}