{"id":49689,"date":"2021-09-28T16:23:43","date_gmt":"2021-09-28T18:23:43","guid":{"rendered":"http:\/\/www2.comunitaria.com.br\/?p=49689"},"modified":"2021-09-28T16:23:43","modified_gmt":"2021-09-28T18:23:43","slug":"cigres-recebera-comitiva-do-ministerio-do-meio-ambiente","status":"publish","type":"post","link":"https:\/\/www2.comunitaria.com.br\/en\/cigres-recebera-comitiva-do-ministerio-do-meio-ambiente\/","title":{"rendered":"CIGRES receber\u00e1 comitiva do Minist\u00e9rio do Meio Ambiente"},"content":{"rendered":"<p>O Cons\u00f3rcio Intermunicipal de Gest\u00e3o de Res\u00edduos S\u00f3lidos (Cigres) receber\u00e1 na pr\u00f3xima sexta-feira, 01, a visita de uma comitiva do Minist\u00e9rio do Meio Ambiente. A expectativa \u00e9 de que o chefe da pasta, ministro Joaquim \u00c1lvaro Pereira Leite, oficialize a entrega do investimento de R$ 4,9 milh\u00f5es, conquistado pelo Cons\u00f3rcio ainda em 2020. A agenda est\u00e1 marcada para as 14 horas na sede do Cigres.<\/p>\n<p>O recurso de direitos difusos do Minist\u00e9rio da Justi\u00e7a, atendeu a proposta do Cons\u00f3rcio cadastrada por meio de edital, para aquisi\u00e7\u00e3o de um trator sobre esteiras, uma retroescavadeira sobre esteiras, dois caminh\u00f5es-ca\u00e7amba e oito caminh\u00f5es coletores de res\u00edduos, atrav\u00e9s do Programa Federal Lix\u00e3o Zero.<\/p>\n<p>Os ve\u00edculos e m\u00e1quinas j\u00e1 est\u00e3o na sede do Cons\u00f3rcio em Seberi, as margens da BR 386, onde chegaram ainda nos meses de agosto e setembro de 2020. O evento contar\u00e1 com a presen\u00e7a dos prefeitos dos 31 munic\u00edpios integrantes do Cons\u00f3rcio, imprensa e demais autoridades regionais, seguindo todos os protocolos de sa\u00fade em vig\u00eancia.<\/p>\n<p>O presidente do Cigres, prefeito de Novo Tiradentes, Luiz Carlos Benedette, destaca que a visita da comitiva do Minist\u00e9rio \u00e9 hist\u00f3rica para o Cons\u00f3rcio, agradecendo tamb\u00e9m o empenho do ex-presidente, Edmilson Pedro Pelizari, e toda a sua diretoria na busca por este investimento, contando com o apoio do senador ga\u00facho Luiz Carlos Heinze, que tamb\u00e9m j\u00e1 confirmou presen\u00e7a no ato.<\/p>\n<p>O coordenador do Cons\u00f3rcio, ex-prefeito de Pinheirinho do Vale, Elton Tatto, destaca que para o Cigres \u00e9 uma grande honra receber o ministro tendo a oportunidade tamb\u00e9m de apresentar toda a evolu\u00e7\u00e3o pela qual o Cigres est\u00e1 passando, com in\u00fameros investimentos voltados a sustentabilidade.<\/p>\n<p>&nbsp;<\/p>\n<p>&nbsp;<\/p>\n<p>&nbsp;<\/p>\n<p>&nbsp;<\/p>\n<p>&nbsp;<\/p>","protected":false},"excerpt":{"rendered":"<p>O Cons\u00f3rcio Intermunicipal de Gest\u00e3o de Res\u00edduos S\u00f3lidos (Cigres) receber\u00e1 na pr\u00f3xima sexta-feira, 01, a visita de uma comitiva do Minist\u00e9rio do Meio Ambiente. A expectativa \u00e9 de que o chefe da pasta, ministro Joaquim \u00c1lvaro Pereira Leite, oficialize a entrega do investimento de R$ 4,9 milh\u00f5es, conquistado pelo Cons\u00f3rcio ainda em 2020. A agenda<\/p>\n<div class=\"read-more-wrapper\"><a class=\"read-more\" href=\"https:\/\/www2.comunitaria.com.br\/en\/cigres-recebera-comitiva-do-ministerio-do-meio-ambiente\/\" title=\"Read More\"> <span class=\"button\">Read More<\/span><\/a><\/div>","protected":false},"author":2,"featured_media":49691,"comment_status":"open","ping_status":"closed","sticky":false,"template":"","format":"standard","meta":{"ngg_post_thumbnail":0,"footnotes":""},"categories":[42,3615,33],"tags":[],"class_list":["post-49689","post","type-post","status-publish","format-standard","has-post-thumbnail","hentry","category-fred-west","category-meio-ambiente","category-noticias"],"amp_enabled":true,"_links":{"self":[{"href":"https:\/\/www2.comunitaria.com.br\/en\/wp-json\/wp\/v2\/posts\/49689","targetHints":{"allow":["GET"]}}],"collection":[{"href":"https:\/\/www2.comunitaria.com.br\/en\/wp-json\/wp\/v2\/posts"}],"about":[{"href":"https:\/\/www2.comunitaria.com.br\/en\/wp-json\/wp\/v2\/types\/post"}],"author":[{"embeddable":true,"href":"https:\/\/www2.comunitaria.com.br\/en\/wp-json\/wp\/v2\/users\/2"}],"replies":[{"embeddable":true,"href":"https:\/\/www2.comunitaria.com.br\/en\/wp-json\/wp\/v2\/comments?post=49689"}],"version-history":[{"count":0,"href":"https:\/\/www2.comunitaria.com.br\/en\/wp-json\/wp\/v2\/posts\/49689\/revisions"}],"wp:featuredmedia":[{"embeddable":true,"href":"https:\/\/www2.comunitaria.com.br\/en\/wp-json\/wp\/v2\/media\/49691"}],"wp:attachment":[{"href":"https:\/\/www2.comunitaria.com.br\/en\/wp-json\/wp\/v2\/media?parent=49689"}],"wp:term":[{"taxonomy":"category","embeddable":true,"href":"https:\/\/www2.comunitaria.com.br\/en\/wp-json\/wp\/v2\/categories?post=49689"},{"taxonomy":"post_tag","embeddable":true,"href":"https:\/\/www2.comunitaria.com.br\/en\/wp-json\/wp\/v2\/tags?post=49689"}],"curies":[{"name":"wp","href":"https:\/\/api.w.org\/{rel}","templated":true}]}}