{"id":49586,"date":"2021-09-23T16:36:54","date_gmt":"2021-09-23T18:36:54","guid":{"rendered":"http:\/\/www2.comunitaria.com.br\/?p=49586"},"modified":"2021-09-23T16:36:54","modified_gmt":"2021-09-23T18:36:54","slug":"mais-de-300-participantes-inscritos-iniciam-no-sicredi-longevidade","status":"publish","type":"post","link":"https:\/\/www2.comunitaria.com.br\/en\/mais-de-300-participantes-inscritos-iniciam-no-sicredi-longevidade\/","title":{"rendered":"Mais de 300 participantes inscritos iniciam no Sicredi Longevidade"},"content":{"rendered":"<p style=\"text-align: justify;\">A Sicredi Alto Uruguai RS\/SC\/MG deu in\u00edcio nesta semana ao programa Longevidade. O programa busca trazer \u00e0 tona o tema maturidade, atender aos objetivos do desenvolvimen to sustent\u00e1vel, ao quinto e s\u00e9timo princ\u00edpio do Cooperativismo. Apresentado durante a Assembleia Geral Ordin\u00e1ria (AGO) em abril deste ano, durante o in\u00edcio das festividades dos 40 anos da Cooperativa, foi lan\u00e7ado oficialmente em junho com a participa\u00e7\u00e3o do humorista Badin,<\/p>\n<p style=\"text-align: justify;\">\u2013 Atualmente desenvolvemos v\u00e1rias iniciativas que atendem a diversos p\u00fablicos e por isso estamos realizando o Longevidade. Ele foi pensado para atender uma parcela do p\u00fablico que atualmente comp\u00f5e grande parte dos nossos associados e tamb\u00e9m pessoas que foram fundamentais para a cria\u00e7\u00e3o da Cooperativa, os primeiros associados que iniciaram esta linda hist\u00f3ria h\u00e1 40 anos \u2013 explica a assessora de programas sociais, Ana Claudia Selonk Busatto.<\/p>\n<p style=\"text-align: justify;\">Nesta primeira edi\u00e7\u00e3o do programa, est\u00e1 prevista participa\u00e7\u00e3o de mais de 300 pessoas, que ter\u00e3o oportunidade de assistir aos encontros em formato de live a cada m\u00eas, abordando temas como autocuidado, f\u00e9, sa\u00fade, sucess\u00e3o e transi\u00e7\u00e3o familiar e bom aproveitamento do tempo.<\/p>\n<p style=\"text-align: justify;\">\u2013 N\u00e3o delimitamos a faixa et\u00e1ria dos participantes, pois entendemos que quem se sentir confort\u00e1vel a participar poder\u00e1 integrar o grupo e ainda levar a informa\u00e7\u00e3o a outras pessoas. Podem participar pessoas de 40, 45, 50 anos e, claro, o p\u00fablico com mais de 60 anos tamb\u00e9m, afinal, s\u00e3o pessoas que est\u00e3o em um momento de vida que prioriza a sa\u00fade, bem-estar e fam\u00edlia \u2013 frisou a assessora.<\/p>\n<p style=\"text-align: justify;\">O TEMA \u00c9 PARA TODAS AS GERA\u00c7\u00d5ES<\/p>\n<p style=\"text-align: justify;\">O primeiro encontro do programa, ministrado pelo assessor de desenvolvimento, Rodrigo Castelli, contou com a participa\u00e7\u00e3o da diretora do Instituto Longevidade, Lisie Lucchese, que destacou que o tema Longevidade \u00e9 assunto de todas as gera\u00e7\u00f5es.<\/p>\n<p style=\"text-align: justify;\">\u2013 Parab\u00e9ns a cooperativa por essa iniciativa, que \u00e9 louv\u00e1vel. J\u00e1 \u00e9 um exemplo internamente e estender isso \u00e0 comunidade \u00e9 um presente, porque tamb\u00e9m estou aprendendo com voc\u00eas. Com ou sem sa\u00fade, n\u00f3s vamos ter longevidade, ent\u00e3o temos que come\u00e7ar a escolher de que forma e em quais condi\u00e7\u00f5es queremos, efetivamente, amadurecer na nossa vida. Por isso cuidar da longevidade, n\u00e3o \u00e9 um assunto s\u00f3 da maturidade, \u00e9 de todas as gera\u00e7\u00f5es \u2013 salienta Lisie.<\/p>\n<p style=\"text-align: justify;\">Os encontros permanecer\u00e3o dispon\u00edveis no canal da Cooperativa no YouTube e, aqueles que n\u00e3o puderem acompanhar ao vivo, t\u00eam a oportunidade de assistir posteriormente.<\/p>","protected":false},"excerpt":{"rendered":"<p>A Sicredi Alto Uruguai RS\/SC\/MG deu in\u00edcio nesta semana ao programa Longevidade. O programa busca trazer \u00e0 tona o tema maturidade, atender aos objetivos do desenvolvimen to sustent\u00e1vel, ao quinto e s\u00e9timo princ\u00edpio do Cooperativismo. Apresentado durante a Assembleia Geral Ordin\u00e1ria (AGO) em abril deste ano, durante o in\u00edcio das festividades dos 40 anos da<\/p>\n<div class=\"read-more-wrapper\"><a class=\"read-more\" href=\"https:\/\/www2.comunitaria.com.br\/en\/mais-de-300-participantes-inscritos-iniciam-no-sicredi-longevidade\/\" title=\"Read More\"> <span class=\"button\">Read More<\/span><\/a><\/div>","protected":false},"author":2,"featured_media":49588,"comment_status":"open","ping_status":"closed","sticky":false,"template":"","format":"standard","meta":{"ngg_post_thumbnail":0,"footnotes":""},"categories":[33,43],"tags":[],"class_list":["post-49586","post","type-post","status-publish","format-standard","has-post-thumbnail","hentry","category-noticias","category-regiao"],"amp_enabled":true,"_links":{"self":[{"href":"https:\/\/www2.comunitaria.com.br\/en\/wp-json\/wp\/v2\/posts\/49586","targetHints":{"allow":["GET"]}}],"collection":[{"href":"https:\/\/www2.comunitaria.com.br\/en\/wp-json\/wp\/v2\/posts"}],"about":[{"href":"https:\/\/www2.comunitaria.com.br\/en\/wp-json\/wp\/v2\/types\/post"}],"author":[{"embeddable":true,"href":"https:\/\/www2.comunitaria.com.br\/en\/wp-json\/wp\/v2\/users\/2"}],"replies":[{"embeddable":true,"href":"https:\/\/www2.comunitaria.com.br\/en\/wp-json\/wp\/v2\/comments?post=49586"}],"version-history":[{"count":0,"href":"https:\/\/www2.comunitaria.com.br\/en\/wp-json\/wp\/v2\/posts\/49586\/revisions"}],"wp:featuredmedia":[{"embeddable":true,"href":"https:\/\/www2.comunitaria.com.br\/en\/wp-json\/wp\/v2\/media\/49588"}],"wp:attachment":[{"href":"https:\/\/www2.comunitaria.com.br\/en\/wp-json\/wp\/v2\/media?parent=49586"}],"wp:term":[{"taxonomy":"category","embeddable":true,"href":"https:\/\/www2.comunitaria.com.br\/en\/wp-json\/wp\/v2\/categories?post=49586"},{"taxonomy":"post_tag","embeddable":true,"href":"https:\/\/www2.comunitaria.com.br\/en\/wp-json\/wp\/v2\/tags?post=49586"}],"curies":[{"name":"wp","href":"https:\/\/api.w.org\/{rel}","templated":true}]}}