{"id":49524,"date":"2021-09-21T16:08:47","date_gmt":"2021-09-21T18:08:47","guid":{"rendered":"http:\/\/www2.comunitaria.com.br\/?p=49524"},"modified":"2021-09-21T16:08:47","modified_gmt":"2021-09-21T18:08:47","slug":"doses-de-pfizer-serao-distribuidas-no-rs-para-avancar-a-vacinacao-dos-adolescentes","status":"publish","type":"post","link":"https:\/\/www2.comunitaria.com.br\/en\/doses-de-pfizer-serao-distribuidas-no-rs-para-avancar-a-vacinacao-dos-adolescentes\/","title":{"rendered":"Doses de Pfizer ser\u00e3o distribu\u00eddas no RS para avan\u00e7ar a vacina\u00e7\u00e3o dos adolescentes"},"content":{"rendered":"<p>A Secretaria Estadual da Sa\u00fade (SES) e o Conselho das Secretarias Municipais decidiram manter a vacina\u00e7\u00e3o da Covid-19 em adolescentes contra a Covid-19. A decis\u00e3o ocorreu nesta ter\u00e7a-feira, 21. De acordo com a pasta, \u00e9 um dos p\u00fablicos a serem atendidos com as mais de um milh\u00e3o doses de Pfizer, AstraZeneca e Coronavac que ser\u00e3o entregues pela SES nesta quarta-feira, 22, a todos munic\u00edpios.<br \/>\nSomente a Pfzer est\u00e1 autorizada como imunizante para adolescentes e somente vacinas dessa marca est\u00e3o sendo distribu\u00eddas para esse p\u00fablico<\/p>\n<p>PROPOSTA APROVADA<br \/>\nA proposta aprovada com a representa\u00e7\u00e3o dos munic\u00edpios foi de destinar 350 mil doses dessa remessa para primeiras doses, incluindo cerca de 165 mil de Pfizer para cobrir a totalidade da faixa dos 17 anos e 58% da faixa dos 16 anos. Essas idades podem variar de cidade para cidade conforme o avan\u00e7o da campanha e a disponibilidade de doses.<br \/>\nOutras 38,5 mil doses ser\u00e3o distribu\u00eddas para atender a dose de refor\u00e7o dos idosos que fizeram a segunda dose at\u00e9 25 de mar\u00e7o, contemplando o prazo de seis meses entre as duas. H\u00e1 ainda a destina\u00e7\u00e3o de aproximadamente 620 mil doses para a segunda dose de pessoas com mais de 18 anos, somando as tr\u00eas fabricantes. Com isso, o Estado completa as doses necess\u00e1rias para todo o p\u00fablico adulto vacin\u00e1vel no RS.<br \/>\nA decis\u00e3o \u00e9 contradit\u00f3ria da orienta\u00e7\u00e3o do Minist\u00e9rio da Sa\u00fade, divulgada no dia 16, de que s\u00f3 sejam vacinadas pessoas nessa faixa et\u00e1ria com defici\u00eancias permanentes, comorbidades ou privadas de liberdade. Em 2 de setembro, por\u00e9m, o Minist\u00e9rio havia publicado uma nota se contradizendo, recomendando a vacina\u00e7\u00e3o de todo o p\u00fablico.<br \/>\nAinda, a Ag\u00eancia Nacional de Vigil\u00e2ncia Sanit\u00e1ria (Anvisa) se posicionou contr\u00e1ria \u00e0 suspens\u00e3o da aplica\u00e7\u00e3o da vacina contra a Covid-19 em adolescentes.<\/p>","protected":false},"excerpt":{"rendered":"<p>A Secretaria Estadual da Sa\u00fade (SES) e o Conselho das Secretarias Municipais decidiram manter a vacina\u00e7\u00e3o da Covid-19 em adolescentes contra a Covid-19. A decis\u00e3o ocorreu nesta ter\u00e7a-feira, 21. De acordo com a pasta, \u00e9 um dos p\u00fablicos a serem atendidos com as mais de um milh\u00e3o doses de Pfizer, AstraZeneca e Coronavac que ser\u00e3o<\/p>\n<div class=\"read-more-wrapper\"><a class=\"read-more\" href=\"https:\/\/www2.comunitaria.com.br\/en\/doses-de-pfizer-serao-distribuidas-no-rs-para-avancar-a-vacinacao-dos-adolescentes\/\" title=\"Read More\"> <span class=\"button\">Read More<\/span><\/a><\/div>","protected":false},"author":2,"featured_media":44486,"comment_status":"open","ping_status":"closed","sticky":false,"template":"","format":"standard","meta":{"ngg_post_thumbnail":0,"footnotes":""},"categories":[33,37],"tags":[],"class_list":["post-49524","post","type-post","status-publish","format-standard","has-post-thumbnail","hentry","category-noticias","category-saude"],"amp_enabled":true,"_links":{"self":[{"href":"https:\/\/www2.comunitaria.com.br\/en\/wp-json\/wp\/v2\/posts\/49524","targetHints":{"allow":["GET"]}}],"collection":[{"href":"https:\/\/www2.comunitaria.com.br\/en\/wp-json\/wp\/v2\/posts"}],"about":[{"href":"https:\/\/www2.comunitaria.com.br\/en\/wp-json\/wp\/v2\/types\/post"}],"author":[{"embeddable":true,"href":"https:\/\/www2.comunitaria.com.br\/en\/wp-json\/wp\/v2\/users\/2"}],"replies":[{"embeddable":true,"href":"https:\/\/www2.comunitaria.com.br\/en\/wp-json\/wp\/v2\/comments?post=49524"}],"version-history":[{"count":0,"href":"https:\/\/www2.comunitaria.com.br\/en\/wp-json\/wp\/v2\/posts\/49524\/revisions"}],"wp:featuredmedia":[{"embeddable":true,"href":"https:\/\/www2.comunitaria.com.br\/en\/wp-json\/wp\/v2\/media\/44486"}],"wp:attachment":[{"href":"https:\/\/www2.comunitaria.com.br\/en\/wp-json\/wp\/v2\/media?parent=49524"}],"wp:term":[{"taxonomy":"category","embeddable":true,"href":"https:\/\/www2.comunitaria.com.br\/en\/wp-json\/wp\/v2\/categories?post=49524"},{"taxonomy":"post_tag","embeddable":true,"href":"https:\/\/www2.comunitaria.com.br\/en\/wp-json\/wp\/v2\/tags?post=49524"}],"curies":[{"name":"wp","href":"https:\/\/api.w.org\/{rel}","templated":true}]}}