{"id":49493,"date":"2021-09-17T16:53:22","date_gmt":"2021-09-17T18:53:22","guid":{"rendered":"http:\/\/www2.comunitaria.com.br\/?p=49493"},"modified":"2021-09-17T16:53:22","modified_gmt":"2021-09-17T18:53:22","slug":"gremio-agora-tera-de-fugir-do-z-4-do-brasileirao","status":"publish","type":"post","link":"https:\/\/www2.comunitaria.com.br\/en\/gremio-agora-tera-de-fugir-do-z-4-do-brasileirao\/","title":{"rendered":"Gr\u00eamio agora ter\u00e1 de fugir do Z-4 do Brasileir\u00e3o"},"content":{"rendered":"<p style=\"text-align: justify;\">Ap\u00f3s a elimina\u00e7\u00e3o da Copa do Brasil para o Flamengo nesta quarta-feira, 15, agora o que resta \u00e9 evitar que o ano termine de uma forma ruim. Com mais 20 jogos para disputar na temporada, o clube passou longe dos principais t\u00edtulos em 2021. A fuga do rebaixamento no Campeonato Brasileiro \u00e9 o que o torcedor pode comemorar por hora.<\/p>\n<p style=\"text-align: justify;\">No atual cen\u00e1rio Tricolor precisa somar 26 dos 60 pontos que ir\u00e1 disputar no Brasileir\u00e3o, assim, a sa\u00edda do Z-4 pela primeira vez na competi\u00e7\u00e3o pode vir a acontecer na rodada do final de semana. Novamente no Maracan\u00e3 o Gr\u00eamio ir\u00e1 enfrentar&nbsp; um advers\u00e1rio incomodativo, e desta vez precisa torcer por resultados paralelos.<\/p>\n<p style=\"text-align: justify;\">Para o confronto de domingo, o treinador Felip\u00e3o ter\u00e1 v\u00e1rios refor\u00e7os. Gabriel Chapec\u00f3, Vanderson, Ruan, Rodrigues, Thiago Santos, Lucas Silva, Ferreira e Alisson, que n\u00e3o come\u00e7aram a partida de quarta-feira, podem iniciar no final de semana. \u201cN\u00f3s temos um projeto para o jogo de domingo. Estamos com possibilidade de montar uma boa equipe, e sabedores de como o Flamengo se posiciona em campo. Podemos ter um jogo melhor do que foi na quarta\u201d, destacou Luiz Felipe Scolari.<\/p>\n<p style=\"text-align: justify;\">O atacante Douglas Costa, que j\u00e1 faz trabalhos f\u00edsicos no CT Luiz Carvalho e est\u00e1 em fase final de recupera\u00e7\u00e3o de um problema muscular na coxa, est\u00e1 descartado para o jogo de domingo no Rio de Janeiro.<\/p>","protected":false},"excerpt":{"rendered":"<p>Ap\u00f3s a elimina\u00e7\u00e3o da Copa do Brasil para o Flamengo nesta quarta-feira, 15, agora o que resta \u00e9 evitar que o ano termine de uma forma ruim. Com mais 20&#8230;<\/p>","protected":false},"author":2,"featured_media":49495,"comment_status":"open","ping_status":"closed","sticky":false,"template":"","format":"standard","meta":{"ngg_post_thumbnail":0,"footnotes":""},"categories":[33],"tags":[],"class_list":["post-49493","post","type-post","status-publish","format-standard","has-post-thumbnail","hentry","category-noticias"],"amp_enabled":true,"_links":{"self":[{"href":"https:\/\/www2.comunitaria.com.br\/en\/wp-json\/wp\/v2\/posts\/49493","targetHints":{"allow":["GET"]}}],"collection":[{"href":"https:\/\/www2.comunitaria.com.br\/en\/wp-json\/wp\/v2\/posts"}],"about":[{"href":"https:\/\/www2.comunitaria.com.br\/en\/wp-json\/wp\/v2\/types\/post"}],"author":[{"embeddable":true,"href":"https:\/\/www2.comunitaria.com.br\/en\/wp-json\/wp\/v2\/users\/2"}],"replies":[{"embeddable":true,"href":"https:\/\/www2.comunitaria.com.br\/en\/wp-json\/wp\/v2\/comments?post=49493"}],"version-history":[{"count":0,"href":"https:\/\/www2.comunitaria.com.br\/en\/wp-json\/wp\/v2\/posts\/49493\/revisions"}],"wp:featuredmedia":[{"embeddable":true,"href":"https:\/\/www2.comunitaria.com.br\/en\/wp-json\/wp\/v2\/media\/49495"}],"wp:attachment":[{"href":"https:\/\/www2.comunitaria.com.br\/en\/wp-json\/wp\/v2\/media?parent=49493"}],"wp:term":[{"taxonomy":"category","embeddable":true,"href":"https:\/\/www2.comunitaria.com.br\/en\/wp-json\/wp\/v2\/categories?post=49493"},{"taxonomy":"post_tag","embeddable":true,"href":"https:\/\/www2.comunitaria.com.br\/en\/wp-json\/wp\/v2\/tags?post=49493"}],"curies":[{"name":"wp","href":"https:\/\/api.w.org\/{rel}","templated":true}]}}