{"id":49488,"date":"2021-09-17T15:38:23","date_gmt":"2021-09-17T17:38:23","guid":{"rendered":"http:\/\/www2.comunitaria.com.br\/?p=49488"},"modified":"2021-09-17T15:38:23","modified_gmt":"2021-09-17T17:38:23","slug":"rejeicao-ao-governo-bolsonaro-atingiu-a-sua-pior-marca-desde-o-inicio-da-gestao","status":"publish","type":"post","link":"https:\/\/www2.comunitaria.com.br\/en\/rejeicao-ao-governo-bolsonaro-atingiu-a-sua-pior-marca-desde-o-inicio-da-gestao\/","title":{"rendered":"Rejei\u00e7\u00e3o ao governo Bolsonaro atingiu a sua pior marca desde o in\u00edcio da gest\u00e3o"},"content":{"rendered":"<p style=\"text-align: justify;\">O Jornal Folha de S\u00e3o Paulo divulgou nesta quinta-feira, 16, a pesquisa do Datafolha, apontando que rejei\u00e7\u00e3o ao governo Bolsonaro atingiu a sua pior marca desde o in\u00edcio da gest\u00e3o. De acordo com o levantamento, 53% dos entrevistados consideram o governo como ruim ou p\u00e9ssimo, no levantamento anterior eram 51%.<br \/>\nA avalia\u00e7\u00e3o regular do governo se manteve em 24% na compara\u00e7\u00e3o com julho e \u00f3timo\/bom ca\u00edram de 24% para 22%.<br \/>\nA pesquisa aponta ainda que a reprova\u00e7\u00e3o do presidente aumentou entre os mais velhos, de 45% a 51%, entre os menos escolarizados de 49% a 55%, entre pessoas com renda familiar de 5 a 10 sal\u00e1rios m\u00ednimos de 41% a 50%, e na soma das regi\u00f5es Norte e Centro-Oeste de 41% a 48%.<br \/>\nPERDA DE POPULARIDADE<br \/>\nA perda de popularidade entre os evang\u00e9licos est\u00e1 em vista, em julho, 34% consideravam o governo como \u00f3timo e bom e 37% como ruim e p\u00e9ssimo. Agora, apenas 29% disseram considerar \u00f3timo\/bom e subiu para 41% os que consideram como ruim\/p\u00e9ssimo.<br \/>\nPor\u00e9m, a rejei\u00e7\u00e3o caiu entre a parcela da popula\u00e7\u00e3o com renda acima de 10 sal\u00e1rios m\u00ednimos, de 58% para 46%.<br \/>\nO Datafolha entrevistou 3.667 entre os dias 13 e 15 de setembro, portanto ap\u00f3s as manifesta\u00e7\u00f5es a favor e contra Bolsonaro, em 190 munic\u00edpios do Pa\u00eds.<\/p>","protected":false},"excerpt":{"rendered":"<p>O Jornal Folha de S\u00e3o Paulo divulgou nesta quinta-feira, 16, a pesquisa do Datafolha, apontando que rejei\u00e7\u00e3o ao governo Bolsonaro atingiu a sua pior marca desde o in\u00edcio da gest\u00e3o&#8230;.<\/p>","protected":false},"author":2,"featured_media":39589,"comment_status":"open","ping_status":"closed","sticky":false,"template":"","format":"standard","meta":{"ngg_post_thumbnail":0,"footnotes":""},"categories":[38],"tags":[],"class_list":["post-49488","post","type-post","status-publish","format-standard","has-post-thumbnail","hentry","category-politica"],"amp_enabled":true,"_links":{"self":[{"href":"https:\/\/www2.comunitaria.com.br\/en\/wp-json\/wp\/v2\/posts\/49488","targetHints":{"allow":["GET"]}}],"collection":[{"href":"https:\/\/www2.comunitaria.com.br\/en\/wp-json\/wp\/v2\/posts"}],"about":[{"href":"https:\/\/www2.comunitaria.com.br\/en\/wp-json\/wp\/v2\/types\/post"}],"author":[{"embeddable":true,"href":"https:\/\/www2.comunitaria.com.br\/en\/wp-json\/wp\/v2\/users\/2"}],"replies":[{"embeddable":true,"href":"https:\/\/www2.comunitaria.com.br\/en\/wp-json\/wp\/v2\/comments?post=49488"}],"version-history":[{"count":0,"href":"https:\/\/www2.comunitaria.com.br\/en\/wp-json\/wp\/v2\/posts\/49488\/revisions"}],"wp:featuredmedia":[{"embeddable":true,"href":"https:\/\/www2.comunitaria.com.br\/en\/wp-json\/wp\/v2\/media\/39589"}],"wp:attachment":[{"href":"https:\/\/www2.comunitaria.com.br\/en\/wp-json\/wp\/v2\/media?parent=49488"}],"wp:term":[{"taxonomy":"category","embeddable":true,"href":"https:\/\/www2.comunitaria.com.br\/en\/wp-json\/wp\/v2\/categories?post=49488"},{"taxonomy":"post_tag","embeddable":true,"href":"https:\/\/www2.comunitaria.com.br\/en\/wp-json\/wp\/v2\/tags?post=49488"}],"curies":[{"name":"wp","href":"https:\/\/api.w.org\/{rel}","templated":true}]}}