{"id":49458,"date":"2021-09-15T18:15:02","date_gmt":"2021-09-15T20:15:02","guid":{"rendered":"http:\/\/www2.comunitaria.com.br\/?p=49458"},"modified":"2021-09-15T18:15:50","modified_gmt":"2021-09-15T20:15:50","slug":"ministerio-da-saude-envia-ultimo-lote-de-vacinas-para-primeira-dose-da-populacao-adulta-no-brasil","status":"publish","type":"post","link":"https:\/\/www2.comunitaria.com.br\/en\/ministerio-da-saude-envia-ultimo-lote-de-vacinas-para-primeira-dose-da-populacao-adulta-no-brasil\/","title":{"rendered":"Minist\u00e9rio da Sa\u00fade envia \u00faltimo lote de vacinas para primeira dose da popula\u00e7\u00e3o adulta no Brasil"},"content":{"rendered":"<p>O minist\u00e9rio de Sa\u00fade concluiu nesta quarta-feira, 15, o envio de imunizantes pra vacinar com a primeira dose os mais de 158 milh\u00f5es de brasileiros acima de 18 anos. Para garantir que toda a popula\u00e7\u00e3o seja vacinada, a pasta envia mais de 60,8 mil doses imunizantes da Pfizer\/BioNtech para o RS.<\/p>\n<p>Este \u00e9 o \u00faltimo lote com 1,1 milh\u00e3o de doses vacinadas da Pfizer e far\u00e1 o pa\u00eds alcan\u00e7ar essa importante meta. Desde o inicio da campanha de vacina\u00e7\u00e3o o RS j\u00e1 recebeu 15,3 milh\u00f5es de doses de vacinas da Covid-19.<\/p>","protected":false},"excerpt":{"rendered":"<p>O minist\u00e9rio de Sa\u00fade concluiu nesta quarta-feira, 15, o envio de imunizantes pra vacinar com a primeira dose os mais de 158 milh\u00f5es de brasileiros acima de 18 anos. Para&#8230;<\/p>","protected":false},"author":2,"featured_media":47734,"comment_status":"open","ping_status":"closed","sticky":false,"template":"","format":"standard","meta":{"ngg_post_thumbnail":0,"footnotes":""},"categories":[37],"tags":[],"class_list":["post-49458","post","type-post","status-publish","format-standard","has-post-thumbnail","hentry","category-saude"],"amp_enabled":true,"_links":{"self":[{"href":"https:\/\/www2.comunitaria.com.br\/en\/wp-json\/wp\/v2\/posts\/49458","targetHints":{"allow":["GET"]}}],"collection":[{"href":"https:\/\/www2.comunitaria.com.br\/en\/wp-json\/wp\/v2\/posts"}],"about":[{"href":"https:\/\/www2.comunitaria.com.br\/en\/wp-json\/wp\/v2\/types\/post"}],"author":[{"embeddable":true,"href":"https:\/\/www2.comunitaria.com.br\/en\/wp-json\/wp\/v2\/users\/2"}],"replies":[{"embeddable":true,"href":"https:\/\/www2.comunitaria.com.br\/en\/wp-json\/wp\/v2\/comments?post=49458"}],"version-history":[{"count":0,"href":"https:\/\/www2.comunitaria.com.br\/en\/wp-json\/wp\/v2\/posts\/49458\/revisions"}],"wp:featuredmedia":[{"embeddable":true,"href":"https:\/\/www2.comunitaria.com.br\/en\/wp-json\/wp\/v2\/media\/47734"}],"wp:attachment":[{"href":"https:\/\/www2.comunitaria.com.br\/en\/wp-json\/wp\/v2\/media?parent=49458"}],"wp:term":[{"taxonomy":"category","embeddable":true,"href":"https:\/\/www2.comunitaria.com.br\/en\/wp-json\/wp\/v2\/categories?post=49458"},{"taxonomy":"post_tag","embeddable":true,"href":"https:\/\/www2.comunitaria.com.br\/en\/wp-json\/wp\/v2\/tags?post=49458"}],"curies":[{"name":"wp","href":"https:\/\/api.w.org\/{rel}","templated":true}]}}