{"id":49455,"date":"2021-09-15T17:54:03","date_gmt":"2021-09-15T19:54:03","guid":{"rendered":"http:\/\/www2.comunitaria.com.br\/?p=49455"},"modified":"2021-09-15T17:54:03","modified_gmt":"2021-09-15T19:54:03","slug":"edis-aprovam-repasse-de-r-50-mil-para-entidades-assistenciais-e-a-criacao-do-banco-de-racoes-em-fw","status":"publish","type":"post","link":"https:\/\/www2.comunitaria.com.br\/en\/edis-aprovam-repasse-de-r-50-mil-para-entidades-assistenciais-e-a-criacao-do-banco-de-racoes-em-fw\/","title":{"rendered":"Edis aprovam repasse de R$ 50 mil para entidades assistenciais e a cria\u00e7\u00e3o do banco de ra\u00e7\u00f5es em FW"},"content":{"rendered":"<p style=\"text-align: justify;\">Em sess\u00e3o ordin\u00e1ria desta ter\u00e7a-feira, 14, os vereadores de FW aprovaram por unanimidade a proposta de subven\u00e7\u00f5es no valor total de R$ 50 mil para entidades assistenciais e a cria\u00e7\u00e3o do Banco de Ra\u00e7\u00f5es municipal.<\/p>\n<p style=\"text-align: justify;\">\u2013 Aprovamos duas propostas importantes para a comunidade de Frederico Westphalen, a conquista do aumento das subven\u00e7\u00f5es passando de R$ 5 para R$ 10 mil atendendo cinco entidades assistenciais do munic\u00edpio e mais uma a\u00e7\u00e3o importante relacionada a causa animal que \u00e9 a efetiva\u00e7\u00e3o do Banco de Ra\u00e7\u00f5es, que ir\u00e1 atender as ONG\u2019s, tutores e lares tempor\u00e1rios de animais resgatados, uma atividade que \u00e9 mais recorrente do que a gente imagina aqui no munic\u00edpio e que, at\u00e9 ent\u00e3o, n\u00e3o recebia apoio do poder p\u00fablico al\u00e9m das castra\u00e7\u00f5es \u2013 destacou o presidente do legislativo, Jorge Alan Souza.<\/p>\n<p style=\"text-align: justify;\"><strong>R$ 50 MIL PARA ENTIDADES ASSISTENCIAIS <\/strong><\/p>\n<p style=\"text-align: justify;\">O Projeto de Lei (PL) n\u00famero 64 autoriza a celebra\u00e7\u00e3o de termo de coopera\u00e7\u00e3o com a Associa\u00e7\u00e3o de deficientes f\u00edsicos, Associa\u00e7\u00e3o de Pais e Amigos dos Excepcionais (Apae), Lar dos Idosos S\u00e3o Vicente de Paulo, Associa\u00e7\u00e3o Frederiquense de Promo\u00e7\u00e3o do Menor (Promenor) e Associa\u00e7\u00e3o de Desenvolvimento Social do Norte do RS (CUFA), organiza\u00e7\u00f5es municipais da sociedade civil, sem fins lucrativos e que prestam servi\u00e7o de assist\u00eancia social. Cada uma delas receber\u00e1 R$ 10 mil, valores provenientes do Programa de Aux\u00edlios e Subven\u00e7\u00f5es.<\/p>\n<p style=\"text-align: justify;\">Para ter acesso ao recurso, cada uma das entidades devera apresentar a documenta\u00e7\u00e3o exigida: plano de trabalho, alvar\u00e1 de licen\u00e7a e funcionamento, estatuto social, ata de elei\u00e7\u00e3o da atual diretoria, CNPJ e atestado de pleno e regular funcionamento. \u201cPrecisamos destacar essa importante conquista das entidades, que foi uma constru\u00e7\u00e3o onde executivo, legislativo e representantes constru\u00edram um di\u00e1logo a fim de aumentar o valor a ser repassado. Sabemos que ainda n\u00e3o \u00e9 suficiente, mas j\u00e1 \u00e9 maior do que era e a previs\u00e3o \u00e9 que aumente R$ 5 mil a cada ano\u201d, pontuou o vereador Leandro Mazzutti.<\/p>\n<p style=\"text-align: justify;\"><strong>BANCO DE RA\u00c7\u00c3O<\/strong><\/p>\n<p style=\"text-align: justify;\">J\u00e1 o PL 68 cria em FW o programa Banco de Ra\u00e7\u00e3o, com o objetivo de comprar ra\u00e7\u00f5es, receber a doa\u00e7\u00f5es de ra\u00e7\u00f5es e utens\u00edlios, promover sua distribui\u00e7\u00e3o diretamente ou atrav\u00e9s de entidades previamente cadastradas e aprovadas pela secret\u00e1ria do Meio Ambiente (Semma).<\/p>\n<p style=\"text-align: justify;\">O PL tem como objetivo dar suporte a ONG\u00b4s, protetores independentes e pessoas ou fam\u00edlias tutoras de animais abandonados, acidentados ou v\u00edtima de maus tratos, distribuindo ra\u00e7\u00e3o canina e\/ou felina, de acordo com a necessidade, al\u00e9m de utens\u00edlios pet.<\/p>\n<p style=\"text-align: justify;\">De acordo com o respons\u00e1vel pelo setor, dentro da secretaria de Meio Ambiente, Ricieri Piovesan, os crit\u00e9rios ser\u00e3o definidos em decreto municipal e cadastros feitos na Semma.<\/p>","protected":false},"excerpt":{"rendered":"<p>Em sess\u00e3o ordin\u00e1ria desta ter\u00e7a-feira, 14, os vereadores de FW aprovaram por unanimidade a proposta de subven\u00e7\u00f5es no valor total de R$ 50 mil para entidades assistenciais e a cria\u00e7\u00e3o do Banco de Ra\u00e7\u00f5es municipal. \u2013 Aprovamos duas propostas importantes para a comunidade de Frederico Westphalen, a conquista do aumento das subven\u00e7\u00f5es passando de R$<\/p>\n<div class=\"read-more-wrapper\"><a class=\"read-more\" href=\"https:\/\/www2.comunitaria.com.br\/en\/edis-aprovam-repasse-de-r-50-mil-para-entidades-assistenciais-e-a-criacao-do-banco-de-racoes-em-fw\/\" title=\"Read More\"> <span class=\"button\">Read More<\/span><\/a><\/div>","protected":false},"author":2,"featured_media":49457,"comment_status":"open","ping_status":"closed","sticky":false,"template":"","format":"standard","meta":{"ngg_post_thumbnail":0,"footnotes":""},"categories":[38],"tags":[],"class_list":["post-49455","post","type-post","status-publish","format-standard","has-post-thumbnail","hentry","category-politica"],"amp_enabled":true,"_links":{"self":[{"href":"https:\/\/www2.comunitaria.com.br\/en\/wp-json\/wp\/v2\/posts\/49455","targetHints":{"allow":["GET"]}}],"collection":[{"href":"https:\/\/www2.comunitaria.com.br\/en\/wp-json\/wp\/v2\/posts"}],"about":[{"href":"https:\/\/www2.comunitaria.com.br\/en\/wp-json\/wp\/v2\/types\/post"}],"author":[{"embeddable":true,"href":"https:\/\/www2.comunitaria.com.br\/en\/wp-json\/wp\/v2\/users\/2"}],"replies":[{"embeddable":true,"href":"https:\/\/www2.comunitaria.com.br\/en\/wp-json\/wp\/v2\/comments?post=49455"}],"version-history":[{"count":0,"href":"https:\/\/www2.comunitaria.com.br\/en\/wp-json\/wp\/v2\/posts\/49455\/revisions"}],"wp:featuredmedia":[{"embeddable":true,"href":"https:\/\/www2.comunitaria.com.br\/en\/wp-json\/wp\/v2\/media\/49457"}],"wp:attachment":[{"href":"https:\/\/www2.comunitaria.com.br\/en\/wp-json\/wp\/v2\/media?parent=49455"}],"wp:term":[{"taxonomy":"category","embeddable":true,"href":"https:\/\/www2.comunitaria.com.br\/en\/wp-json\/wp\/v2\/categories?post=49455"},{"taxonomy":"post_tag","embeddable":true,"href":"https:\/\/www2.comunitaria.com.br\/en\/wp-json\/wp\/v2\/tags?post=49455"}],"curies":[{"name":"wp","href":"https:\/\/api.w.org\/{rel}","templated":true}]}}