{"id":4945,"date":"2015-07-14T10:25:37","date_gmt":"2015-07-14T12:25:37","guid":{"rendered":"http:\/\/www2.comunitaria.com.br\/?p=4945"},"modified":"2015-07-14T10:25:37","modified_gmt":"2015-07-14T12:25:37","slug":"regiao-de-chapeco-apresenta-alagamentos-e-queda-de-barreiras","status":"publish","type":"post","link":"https:\/\/www2.comunitaria.com.br\/en\/regiao-de-chapeco-apresenta-alagamentos-e-queda-de-barreiras\/","title":{"rendered":"Regi\u00e3o de Chapec\u00f3 apresenta alagamentos e queda de barreiras"},"content":{"rendered":"<div class=\"materia-corpo entry-content\">\n<p style=\"text-align: justify;\">Depois de uma chuva que iniciou de madrugada e persiste na manh\u00e3 desta ter\u00e7a-feira a cidade de Chapec\u00f3 amanheceu com pelo menos sete pontos de alagamentos, segundo a<strong> Defesa Civil<\/strong>.<\/p>\n<p style=\"text-align: justify;\">O bairro S\u00e3o Pedro \u00e9 um dos mais atingidos, com algumas pessoas desalojadas, segundo o coordenador regional da Defesa Civil, Clair Bazzi. O n\u00famero de alagamentos ainda n\u00e3o foi levantado.<\/p>\n<p style=\"text-align: justify;\">O secret\u00e1rio de Defesa Civil, S\u00e9rgio Wallner, informou que v\u00e1rias ruas est\u00e3o alagadas, principalmente as pr\u00f3ximas ao rio Passo dos Fortes, que transbordou. Entre as ruas com alagamento est\u00e3o a\u00a0Nereu Ramos, Porto Alegre, Get\u00falio Vargas e Fernando Machado.<\/p>\n<p style=\"text-align: justify;\">A Prefeitura Municipal deve providenciar um abrigo.<\/p>\n<p style=\"text-align: justify;\">Em <strong>Caxambu do Sul 40 casas<\/strong> foram alagadas e as fam\u00edlias retiradas. Em Nova Itaberaba dez casas foram alagadas. Em Xaxim sete bairros foram atingidos.\u00a0\u00a0Em \u00c1guas de Chapec\u00f3 o balne\u00e1rio da Hidroeste alagou pelo aumento do n\u00edvel do Rio Chapec\u00f3. H\u00e1 alagamentos tamb\u00e9m em Maravilha, Barra Bonita, Xanxer\u00ea, S\u00e3o Carlos, Coronel Freitas, S\u00e3o Miguel do Oeste e\u00a0Ponte Serada.<\/p>\n<p style=\"text-align: justify;\">H\u00e1 tamb\u00e9m queda de barreiras nas rodovias. A Pol\u00edcia Rodovi\u00e1ria Federal informou que no momento o tr\u00e2nsito est\u00e1 interrompido na<strong> BR 282<\/strong>, em Nova Itaberaba.<\/p>\n<p style=\"text-align: justify;\"><strong>Texto:<\/strong> Di\u00e1rio Catarinense<\/p>\n<p style=\"text-align: justify;\"><span class=\"credito\"><strong> Foto:<\/strong> Maira Alves \/ Arquivo Pessoal<\/span><\/p>\n<\/div>","protected":false},"excerpt":{"rendered":"<p>Depois de uma chuva que iniciou de madrugada e persiste na manh\u00e3 desta ter\u00e7a-feira a cidade de Chapec\u00f3 amanheceu com pelo menos sete pontos de alagamentos, segundo a Defesa Civil. O bairro S\u00e3o Pedro \u00e9 um dos mais atingidos, com algumas pessoas desalojadas, segundo o coordenador regional da Defesa Civil, Clair Bazzi. O n\u00famero de<\/p>\n<div class=\"read-more-wrapper\"><a class=\"read-more\" href=\"https:\/\/www2.comunitaria.com.br\/en\/regiao-de-chapeco-apresenta-alagamentos-e-queda-de-barreiras\/\" title=\"Read More\"> <span class=\"button\">Read More<\/span><\/a><\/div>","protected":false},"author":2,"featured_media":4946,"comment_status":"open","ping_status":"closed","sticky":false,"template":"","format":"standard","meta":{"ngg_post_thumbnail":0,"footnotes":""},"categories":[33,43],"tags":[1133,874,1135,86,712],"class_list":["post-4945","post","type-post","status-publish","format-standard","has-post-thumbnail","hentry","category-noticias","category-regiao","tag-alagamento","tag-chapeco","tag-chuva","tag-regiao-2","tag-temporal"],"amp_enabled":true,"_links":{"self":[{"href":"https:\/\/www2.comunitaria.com.br\/en\/wp-json\/wp\/v2\/posts\/4945","targetHints":{"allow":["GET"]}}],"collection":[{"href":"https:\/\/www2.comunitaria.com.br\/en\/wp-json\/wp\/v2\/posts"}],"about":[{"href":"https:\/\/www2.comunitaria.com.br\/en\/wp-json\/wp\/v2\/types\/post"}],"author":[{"embeddable":true,"href":"https:\/\/www2.comunitaria.com.br\/en\/wp-json\/wp\/v2\/users\/2"}],"replies":[{"embeddable":true,"href":"https:\/\/www2.comunitaria.com.br\/en\/wp-json\/wp\/v2\/comments?post=4945"}],"version-history":[{"count":0,"href":"https:\/\/www2.comunitaria.com.br\/en\/wp-json\/wp\/v2\/posts\/4945\/revisions"}],"wp:featuredmedia":[{"embeddable":true,"href":"https:\/\/www2.comunitaria.com.br\/en\/wp-json\/wp\/v2\/media\/4946"}],"wp:attachment":[{"href":"https:\/\/www2.comunitaria.com.br\/en\/wp-json\/wp\/v2\/media?parent=4945"}],"wp:term":[{"taxonomy":"category","embeddable":true,"href":"https:\/\/www2.comunitaria.com.br\/en\/wp-json\/wp\/v2\/categories?post=4945"},{"taxonomy":"post_tag","embeddable":true,"href":"https:\/\/www2.comunitaria.com.br\/en\/wp-json\/wp\/v2\/tags?post=4945"}],"curies":[{"name":"wp","href":"https:\/\/api.w.org\/{rel}","templated":true}]}}