{"id":4943,"date":"2015-07-14T10:24:41","date_gmt":"2015-07-14T12:24:41","guid":{"rendered":"http:\/\/www2.comunitaria.com.br\/?p=4943"},"modified":"2015-07-14T16:07:49","modified_gmt":"2015-07-14T18:07:49","slug":"alerta-de-mais-chuva-hoje-e-amanha-na-regiao","status":"publish","type":"post","link":"https:\/\/www2.comunitaria.com.br\/en\/alerta-de-mais-chuva-hoje-e-amanha-na-regiao\/","title":{"rendered":"Alerta de mais chuva hoje e amanh\u00e3 na regi\u00e3o"},"content":{"rendered":"<p>Em FW o volume de chuva de ontem para hoje j\u00e1 passa de 80mm, e h\u00e1 indicativo de pelo menos mais 20mm hoje ao longo do dia.<\/p>\n<!--[if lt IE 9]><script>document.createElement('audio');<\/script><![endif]-->\n<audio class=\"wp-audio-shortcode\" id=\"audio-4943-1\" preload=\"none\" style=\"width: 100%;\" controls=\"controls\"><source type=\"audio\/mpeg\" src=\"http:\/\/www2.comunitaria.com.br\/wp-content\/uploads\/2015\/07\/previs\u00e3o-ok5.mp3?_=1\" \/><a href=\"http:\/\/www2.comunitaria.com.br\/wp-content\/uploads\/2015\/07\/previs\u00e3o-ok5.mp3\">http:\/\/www2.comunitaria.com.br\/wp-content\/uploads\/2015\/07\/previs\u00e3o-ok5.mp3<\/a><\/audio>\n<p>Para amanh\u00e3 deve continuar chovendo, por\u00e9m com menos intensidade. \u00c9 apontado pelo INMET 20mm. A quinta come\u00e7a com tempo bom, mas volta a chover no fim do dia. O tempo s\u00f3 deve melhorar mesmo na sexta-feira a tarde, quando o sol volta a brilhar.<\/p>\n<p>Em Ira\u00ed o Rio Uruguai est\u00e1 no limite ainda dentro do seu leito. De acordo com Informa\u00e7\u00f5es da Assessoria da Prefeitura, se a chuva persistir, a partir de hoje a tarde j\u00e1 se espera que o Uruguai comesse a sair de seu leito e alagar as margens. A situa\u00e7\u00e3o \u00e9 classificada como &#8220;normal&#8221; e &#8220;sob controle&#8221; afirmou o Assessor Fernando Sucolloti.<\/p>\n<audio class=\"wp-audio-shortcode\" id=\"audio-4943-2\" preload=\"none\" style=\"width: 100%;\" controls=\"controls\"><source type=\"audio\/mpeg\" src=\"http:\/\/www2.comunitaria.com.br\/wp-content\/uploads\/2015\/07\/fernando-sucolotti.mp3?_=2\" \/><a href=\"http:\/\/www2.comunitaria.com.br\/wp-content\/uploads\/2015\/07\/fernando-sucolotti.mp3\">http:\/\/www2.comunitaria.com.br\/wp-content\/uploads\/2015\/07\/fernando-sucolotti.mp3<\/a><\/audio>\n<p>Em Vicente Dutra a situa\u00e7\u00e3o do Rio Uruguai tamb\u00e9m e considerada normal. As 10:30 de hoje, na Balsa em Vicente Dutra o Rio estava 4,8 metros acima do n\u00edvel normal. A travessia no local \u00e9 realizada normalmente.<\/p>\n<p>A chuva na Metade Norte do Rio Grande do Sul nesta ter\u00e7a-feira esta sendo mais mais intensa e as tempestades mais severas desde a madrugada, confirmando o alerta dos \u00faltimos dias. Os temporais come\u00e7aram na noite desta segunda-feira, com a instabilidade se deslocando do Centro para o Norte do Estado.<\/p>","protected":false},"excerpt":{"rendered":"<p>Em FW o volume de chuva de ontem para hoje j\u00e1 passa de 80mm, e h\u00e1 indicativo de pelo menos mais 20mm hoje ao longo do dia. Para amanh\u00e3 deve continuar chovendo, por\u00e9m com menos intensidade. \u00c9 apontado pelo INMET 20mm. A quinta come\u00e7a com tempo bom, mas volta a chover no fim do dia.<\/p>\n<div class=\"read-more-wrapper\"><a class=\"read-more\" href=\"https:\/\/www2.comunitaria.com.br\/en\/alerta-de-mais-chuva-hoje-e-amanha-na-regiao\/\" title=\"Read More\"> <span class=\"button\">Read More<\/span><\/a><\/div>","protected":false},"author":2,"featured_media":4948,"comment_status":"open","ping_status":"closed","sticky":false,"template":"","format":"standard","meta":{"ngg_post_thumbnail":0,"footnotes":""},"categories":[51,28,33,145],"tags":[179],"class_list":["post-4943","post","type-post","status-publish","format-standard","has-post-thumbnail","hentry","category-audio","category-destaque","category-noticias","category-previsao-do-tempo","tag-previsao-do-tempo-2"],"amp_enabled":true,"_links":{"self":[{"href":"https:\/\/www2.comunitaria.com.br\/en\/wp-json\/wp\/v2\/posts\/4943","targetHints":{"allow":["GET"]}}],"collection":[{"href":"https:\/\/www2.comunitaria.com.br\/en\/wp-json\/wp\/v2\/posts"}],"about":[{"href":"https:\/\/www2.comunitaria.com.br\/en\/wp-json\/wp\/v2\/types\/post"}],"author":[{"embeddable":true,"href":"https:\/\/www2.comunitaria.com.br\/en\/wp-json\/wp\/v2\/users\/2"}],"replies":[{"embeddable":true,"href":"https:\/\/www2.comunitaria.com.br\/en\/wp-json\/wp\/v2\/comments?post=4943"}],"version-history":[{"count":0,"href":"https:\/\/www2.comunitaria.com.br\/en\/wp-json\/wp\/v2\/posts\/4943\/revisions"}],"wp:featuredmedia":[{"embeddable":true,"href":"https:\/\/www2.comunitaria.com.br\/en\/wp-json\/wp\/v2\/media\/4948"}],"wp:attachment":[{"href":"https:\/\/www2.comunitaria.com.br\/en\/wp-json\/wp\/v2\/media?parent=4943"}],"wp:term":[{"taxonomy":"category","embeddable":true,"href":"https:\/\/www2.comunitaria.com.br\/en\/wp-json\/wp\/v2\/categories?post=4943"},{"taxonomy":"post_tag","embeddable":true,"href":"https:\/\/www2.comunitaria.com.br\/en\/wp-json\/wp\/v2\/tags?post=4943"}],"curies":[{"name":"wp","href":"https:\/\/api.w.org\/{rel}","templated":true}]}}