{"id":49172,"date":"2021-08-12T09:33:37","date_gmt":"2021-08-12T11:33:37","guid":{"rendered":"http:\/\/www2.comunitaria.com.br\/?p=49172"},"modified":"2021-08-12T09:33:37","modified_gmt":"2021-08-12T11:33:37","slug":"ufsm-fw-entrega-cartilhas-interativas-sobre-patrimonio-cultural","status":"publish","type":"post","link":"https:\/\/www2.comunitaria.com.br\/en\/ufsm-fw-entrega-cartilhas-interativas-sobre-patrimonio-cultural\/","title":{"rendered":"UFSM\/FW entrega cartilhas interativas sobre  patrim\u00f4nio cultural"},"content":{"rendered":"<p style=\"text-align: justify;\">Na tarde de quarta-feira, 11, a UFSM\/FW realiza a entrega oficial de cartilhas interativas para a Secretaria de Educa\u00e7\u00e3o em Frederico Westphalen. O material objetiva&nbsp; promover a aprendizagem sobre o patrim\u00f4nio cultural da cidade de Frederico Westphalen nas escolas municipais de Ensino Fundamental atendidas pela SMEC.<\/p>\n<p style=\"text-align: justify;\">As cartilhas integram as a\u00e7\u00f5es do projeto de extens\u00e3o: \u201cEduca\u00e7\u00e3o e Arte &#8211; Patrim\u00f4nio Cultural de Frederico Westphalen: Seu Olhar na Nossa Hist\u00f3ria\u201d, que comp\u00f5em as atividades de comemora\u00e7\u00e3o dos 15 anos da Universidade Federal de Santa Maria na cidade.<\/p>\n<p style=\"text-align: justify;\">&nbsp; &nbsp; &nbsp; &nbsp; A Coordenadoria Acad\u00eamica do Campus de Frederico Westphalen \u00e9 a respons\u00e1vel pelo projeto de Extens\u00e3o e conta com a contribui\u00e7\u00e3o de outras unidades vinculadas.&nbsp; A servidora Silvane Brand Fabrizio coordena o projeto que tem como colaboradores os docentes: Dra. Eliane Pereira do Santos, Dr. Joel Felipe Guindani, Dr. Paulo C\u00e9sar Vialle Munhoz, e os discentes Andrieli Cenci, Elo\u00edsa Sampaio, Marileia Bressan Copetti, e Natalie Pereira Soares. Al\u00e9m disso, conta com os servidores Fernanda Buriol e Sara Spolti Pazuch, e a presen\u00e7a do memorialista Wilson Aleixo Ferigollo.<\/p>\n<p style=\"text-align: justify;\">&nbsp;A a\u00e7\u00e3o principal proposta pelas cartilhas \u00e9 a produ\u00e7\u00e3o de desenhos realizados pelos alunos do ensino fundamental da rede municipal. Com o intuito de captar o olhar sobre o patrim\u00f4nio cultural da cidade, as pinturas representar\u00e3o os diferentes espa\u00e7os culturais do munic\u00edpio. As ilustra\u00e7\u00f5es contribuir\u00e3o para a confec\u00e7\u00e3o do calend\u00e1rio de 2022 da UFSM\/FW.<\/p>\n<p style=\"text-align: justify;\">Os trabalhos realizados pelos alunos municipais ser\u00e3o escolhidos pela SMEC para integrarem a exposi\u00e7\u00e3o no Hall do pr\u00e9dio central do Campus da UFSM-FW. Ap\u00f3s a apura\u00e7\u00e3o, os desenhos integrar\u00e3o o grupo de imagens destinadas \u00e0 vota\u00e7\u00e3o pela UFSM-FW e comunidade externa, onde ser\u00e3o selecionados os doze desenhos que ilustrar\u00e3o as p\u00e1ginas dos diferentes meses do pr\u00f3ximo ano.<\/p>\n<p style=\"text-align: justify;\">Essa iniciativa promovida pelo projeto de extens\u00e3o busca proporcionar a amplia\u00e7\u00e3o do acesso ao conhecimento. T\u00eam como prop\u00f3sito contribuir para o fortalecimento da identidade dos estudantes com os locais culturais da cidade nas \u00e1reas da cultura e arte, al\u00e9m de promover oficinas que colaboram com a inser\u00e7\u00e3o das crian\u00e7as no campo do&nbsp; patrim\u00f4nio hist\u00f3rico local.<\/p>","protected":false},"excerpt":{"rendered":"<p>Na tarde de quarta-feira, 11, a UFSM\/FW realiza a entrega oficial de cartilhas interativas para a Secretaria de Educa\u00e7\u00e3o em Frederico Westphalen. O material objetiva&nbsp; promover a aprendizagem sobre o patrim\u00f4nio cultural da cidade de Frederico Westphalen nas escolas municipais de Ensino Fundamental atendidas pela SMEC. As cartilhas integram as a\u00e7\u00f5es do projeto de extens\u00e3o:<\/p>\n<div class=\"read-more-wrapper\"><a class=\"read-more\" href=\"https:\/\/www2.comunitaria.com.br\/en\/ufsm-fw-entrega-cartilhas-interativas-sobre-patrimonio-cultural\/\" title=\"Read More\"> <span class=\"button\">Read More<\/span><\/a><\/div>","protected":false},"author":2,"featured_media":49174,"comment_status":"open","ping_status":"closed","sticky":false,"template":"","format":"standard","meta":{"ngg_post_thumbnail":0,"footnotes":""},"categories":[33],"tags":[],"class_list":["post-49172","post","type-post","status-publish","format-standard","has-post-thumbnail","hentry","category-noticias"],"amp_enabled":true,"_links":{"self":[{"href":"https:\/\/www2.comunitaria.com.br\/en\/wp-json\/wp\/v2\/posts\/49172","targetHints":{"allow":["GET"]}}],"collection":[{"href":"https:\/\/www2.comunitaria.com.br\/en\/wp-json\/wp\/v2\/posts"}],"about":[{"href":"https:\/\/www2.comunitaria.com.br\/en\/wp-json\/wp\/v2\/types\/post"}],"author":[{"embeddable":true,"href":"https:\/\/www2.comunitaria.com.br\/en\/wp-json\/wp\/v2\/users\/2"}],"replies":[{"embeddable":true,"href":"https:\/\/www2.comunitaria.com.br\/en\/wp-json\/wp\/v2\/comments?post=49172"}],"version-history":[{"count":0,"href":"https:\/\/www2.comunitaria.com.br\/en\/wp-json\/wp\/v2\/posts\/49172\/revisions"}],"wp:featuredmedia":[{"embeddable":true,"href":"https:\/\/www2.comunitaria.com.br\/en\/wp-json\/wp\/v2\/media\/49174"}],"wp:attachment":[{"href":"https:\/\/www2.comunitaria.com.br\/en\/wp-json\/wp\/v2\/media?parent=49172"}],"wp:term":[{"taxonomy":"category","embeddable":true,"href":"https:\/\/www2.comunitaria.com.br\/en\/wp-json\/wp\/v2\/categories?post=49172"},{"taxonomy":"post_tag","embeddable":true,"href":"https:\/\/www2.comunitaria.com.br\/en\/wp-json\/wp\/v2\/tags?post=49172"}],"curies":[{"name":"wp","href":"https:\/\/api.w.org\/{rel}","templated":true}]}}