{"id":49121,"date":"2021-08-06T14:36:42","date_gmt":"2021-08-06T16:36:42","guid":{"rendered":"http:\/\/www2.comunitaria.com.br\/?p=49121"},"modified":"2021-08-06T15:42:19","modified_gmt":"2021-08-06T17:42:19","slug":"sicredi-alto-uruguai-supera-marca-de-r-90-milhoes-liberados-no-plano-safra-21-22","status":"publish","type":"post","link":"https:\/\/www2.comunitaria.com.br\/en\/sicredi-alto-uruguai-supera-marca-de-r-90-milhoes-liberados-no-plano-safra-21-22\/","title":{"rendered":"Sicredi Alto Uruguai supera marca de R$ 90 milh\u00f5es liberados no Plano Safra 21\/22"},"content":{"rendered":"<p style=\"text-align: justify;\">Acreditando no desenvolvimento e na capacidade produtiva dos associados, a Cooperativa apoia iniciativas que possam contribuir para a melhoria das propriedades rurais nos seus tr\u00eas Estados de atua\u00e7\u00e3o. Com este vi\u00e9s, o Plano Safra \u00e9 uma das a\u00e7\u00f5es que recebe grande aten\u00e7\u00e3o da institui\u00e7\u00e3o, pelo montante de recursos envolvidos e pelo n\u00famero de produtores beneficiados a cada ano.<\/p>\n<p style=\"text-align: justify;\">Dentro deste contexto, no Plano Safra 2021\/2022, iniciado em 1\u00ba de julho, prev\u00ea aplica\u00e7\u00e3o de mais de R$ 600 milh\u00f5es em linhas de custeio, investimento e comercializa\u00e7\u00e3o. Neste primeiro m\u00eas, j\u00e1 foram efetivados 1.939 contratos de custeio e investimentos, totalizando R$ 93 milh\u00f5es liberados no per\u00edodo, sendo 93% realizadas no Pronaf. Este montante reflete um crescimento de 52,5% superior ao mesmo per\u00edodo de 2020.<\/p>\n<p style=\"text-align: justify;\">De acordo com o Diretor Executivo, M\u00e1rcio Girardi, ao agilizar a libera\u00e7\u00e3o de recursos aos associados do agroneg\u00f3cio, considerado como a locomotiva da economia nacional, a Cooperativa cumpre seu papel de apoiar suas atividades produtivas, contribu\u00eddo para a que os recursos financeiros proporcionem negocia\u00e7\u00f5es mais vantajosas nas m\u00e3os de cada associado.<\/p>\n<p style=\"text-align: justify;\">\u2013 Queremos continuar evoluindo na nossa atua\u00e7\u00e3o, fomentando cada vez mais o segmento agro. O Sicredi \u00e9 a segunda institui\u00e7\u00e3o financeira do Brasil em volume de carteira de cr\u00e9dito rural ativa e tamb\u00e9m tem grande destaque junto \u00e0s opera\u00e7\u00f5es de investimento do BNDES para a agricultura familiar (Pronaf), alcan\u00e7ando a primeira posi\u00e7\u00e3o nacional. Isso prova o comprometimento do Sicredi com a agricultura familiar e base de associados com atua\u00e7\u00e3o no agroneg\u00f3cio.<\/p>\n<p style=\"text-align: justify;\">\u2013 Atrav\u00e9s do Plano Safra, a Cooperativa se posiciona ainda mais ao lado do produtor para encontrar solu\u00e7\u00f5es adequadas, oferecendo atendimento pr\u00f3ximo e consultivo, com equipes especializadas para contribuir que o agroneg\u00f3cio fique ainda mais forte. Sabemos que estes recursos d\u00e3o condi\u00e7\u00f5es para que o associado possa continuar investindo para aperfei\u00e7oar a propriedade, a sua atividade, gerando assim mais renda e qualidade de vida \u00e0 fam\u00edlia \u2013 frisa Girardi.<\/p>\n<p style=\"text-align: justify;\">Para mais detalhes sobre como acessar os recursos do Plano Safra, os interessados podem ir at\u00e9 as ag\u00eancias ou contatar o seu gestor de carteira atrav\u00e9s do WhatsApp Oficial do Sicredi (51) 3358-4770.<\/p>","protected":false},"excerpt":{"rendered":"<p>Acreditando no desenvolvimento e na capacidade produtiva dos associados, a Cooperativa apoia iniciativas que possam contribuir para a melhoria das propriedades rurais nos seus tr\u00eas Estados de atua\u00e7\u00e3o. Com este&#8230;<\/p>","protected":false},"author":2,"featured_media":49123,"comment_status":"open","ping_status":"closed","sticky":false,"template":"","format":"standard","meta":{"ngg_post_thumbnail":0,"footnotes":""},"categories":[28,33],"tags":[],"class_list":["post-49121","post","type-post","status-publish","format-standard","has-post-thumbnail","hentry","category-destaque","category-noticias"],"amp_enabled":true,"_links":{"self":[{"href":"https:\/\/www2.comunitaria.com.br\/en\/wp-json\/wp\/v2\/posts\/49121","targetHints":{"allow":["GET"]}}],"collection":[{"href":"https:\/\/www2.comunitaria.com.br\/en\/wp-json\/wp\/v2\/posts"}],"about":[{"href":"https:\/\/www2.comunitaria.com.br\/en\/wp-json\/wp\/v2\/types\/post"}],"author":[{"embeddable":true,"href":"https:\/\/www2.comunitaria.com.br\/en\/wp-json\/wp\/v2\/users\/2"}],"replies":[{"embeddable":true,"href":"https:\/\/www2.comunitaria.com.br\/en\/wp-json\/wp\/v2\/comments?post=49121"}],"version-history":[{"count":0,"href":"https:\/\/www2.comunitaria.com.br\/en\/wp-json\/wp\/v2\/posts\/49121\/revisions"}],"wp:featuredmedia":[{"embeddable":true,"href":"https:\/\/www2.comunitaria.com.br\/en\/wp-json\/wp\/v2\/media\/49123"}],"wp:attachment":[{"href":"https:\/\/www2.comunitaria.com.br\/en\/wp-json\/wp\/v2\/media?parent=49121"}],"wp:term":[{"taxonomy":"category","embeddable":true,"href":"https:\/\/www2.comunitaria.com.br\/en\/wp-json\/wp\/v2\/categories?post=49121"},{"taxonomy":"post_tag","embeddable":true,"href":"https:\/\/www2.comunitaria.com.br\/en\/wp-json\/wp\/v2\/tags?post=49121"}],"curies":[{"name":"wp","href":"https:\/\/api.w.org\/{rel}","templated":true}]}}