{"id":49064,"date":"2021-07-28T09:45:50","date_gmt":"2021-07-28T11:45:50","guid":{"rendered":"http:\/\/www2.comunitaria.com.br\/?p=49064"},"modified":"2021-07-28T09:45:50","modified_gmt":"2021-07-28T11:45:50","slug":"adolescentes-entre-12-a-17-anos-serao-incluidos-na-vacinacao-contra-a-covid-19","status":"publish","type":"post","link":"https:\/\/www2.comunitaria.com.br\/en\/adolescentes-entre-12-a-17-anos-serao-incluidos-na-vacinacao-contra-a-covid-19\/","title":{"rendered":"Adolescentes entre 12 a 17 anos ser\u00e3o inclu\u00eddos na vacina\u00e7\u00e3o contra a Covid-19"},"content":{"rendered":"<p>O ministro da Sa\u00fade, Marcelo Queiroga, anunciou nesta ter\u00e7a-feira que adolescentes de 12 a 17 anos ser\u00e3o inclu\u00eddos no Plano Nacional de Imuniza\u00e7\u00e3o (PNI) contra a covid-19. A inclus\u00e3o ser\u00e1 iniciada ap\u00f3s envio da primeira dose para a vacina\u00e7\u00e3o de adultos com mais de 18 anos. Adolescentes com comorbidades ser\u00e3o os primeiros a serem imunizados.&nbsp;<\/p>\n<p>A medida foi acertada durante reuni\u00e3o entre o minist\u00e9rio e representantes de estados e munic\u00edpios. O Rio Grande do Sul iniciou a vacina\u00e7\u00e3o de adolescentes com comorbidades neste m\u00eas.&nbsp;<\/p>\n<p>Tamb\u00e9m foi definido que, ap\u00f3s a distribui\u00e7\u00e3o da primeira dose dos imunizantes para todo o pa\u00eds, o minist\u00e9rio deve decidir sobre a antecipa\u00e7\u00e3o do intervalo entre as duas doses da Pfizer, que, atualmente, \u00e9 de 90 dias. Na bula do fabricante, o intervalo \u00e9 de 21 dias.&nbsp;<\/p>\n<div>\n<div id=\"denakop-ad-361924330188854\">&nbsp;<\/div>\n<\/div>\n<p>A redu\u00e7\u00e3o \u00e9 estudada para acelerar a imuniza\u00e7\u00e3o diante do crescimento dos casos de pessoas infectadas com a variante Delta do v\u00edrus da Covid-19. \u201cNossa expectativa \u00e9 atingir a popula\u00e7\u00e3o acima de 18 anos vacinada at\u00e9 o come\u00e7o de setembro. A partir da\u00ed, vamos discutir a redu\u00e7\u00e3o no intervalo da dose da Pfizer, assim a gente avan\u00e7aria com a segunda dose em um n\u00famero maior de pessoas e tamb\u00e9m os abaixo de 18 anos\u201d, explicou o ministro.&nbsp;<\/p>","protected":false},"excerpt":{"rendered":"<p>O ministro da Sa\u00fade, Marcelo Queiroga, anunciou nesta ter\u00e7a-feira que adolescentes de 12 a 17 anos ser\u00e3o inclu\u00eddos no Plano Nacional de Imuniza\u00e7\u00e3o (PNI) contra a covid-19. A inclus\u00e3o ser\u00e1 iniciada ap\u00f3s envio da primeira dose para a vacina\u00e7\u00e3o de adultos com mais de 18 anos. Adolescentes com comorbidades ser\u00e3o os primeiros a serem imunizados.&nbsp;<\/p>\n<div class=\"read-more-wrapper\"><a class=\"read-more\" href=\"https:\/\/www2.comunitaria.com.br\/en\/adolescentes-entre-12-a-17-anos-serao-incluidos-na-vacinacao-contra-a-covid-19\/\" title=\"Read More\"> <span class=\"button\">Read More<\/span><\/a><\/div>","protected":false},"author":2,"featured_media":47734,"comment_status":"open","ping_status":"closed","sticky":false,"template":"","format":"standard","meta":{"ngg_post_thumbnail":0,"footnotes":""},"categories":[33],"tags":[],"class_list":["post-49064","post","type-post","status-publish","format-standard","has-post-thumbnail","hentry","category-noticias"],"amp_enabled":true,"_links":{"self":[{"href":"https:\/\/www2.comunitaria.com.br\/en\/wp-json\/wp\/v2\/posts\/49064","targetHints":{"allow":["GET"]}}],"collection":[{"href":"https:\/\/www2.comunitaria.com.br\/en\/wp-json\/wp\/v2\/posts"}],"about":[{"href":"https:\/\/www2.comunitaria.com.br\/en\/wp-json\/wp\/v2\/types\/post"}],"author":[{"embeddable":true,"href":"https:\/\/www2.comunitaria.com.br\/en\/wp-json\/wp\/v2\/users\/2"}],"replies":[{"embeddable":true,"href":"https:\/\/www2.comunitaria.com.br\/en\/wp-json\/wp\/v2\/comments?post=49064"}],"version-history":[{"count":0,"href":"https:\/\/www2.comunitaria.com.br\/en\/wp-json\/wp\/v2\/posts\/49064\/revisions"}],"wp:featuredmedia":[{"embeddable":true,"href":"https:\/\/www2.comunitaria.com.br\/en\/wp-json\/wp\/v2\/media\/47734"}],"wp:attachment":[{"href":"https:\/\/www2.comunitaria.com.br\/en\/wp-json\/wp\/v2\/media?parent=49064"}],"wp:term":[{"taxonomy":"category","embeddable":true,"href":"https:\/\/www2.comunitaria.com.br\/en\/wp-json\/wp\/v2\/categories?post=49064"},{"taxonomy":"post_tag","embeddable":true,"href":"https:\/\/www2.comunitaria.com.br\/en\/wp-json\/wp\/v2\/tags?post=49064"}],"curies":[{"name":"wp","href":"https:\/\/api.w.org\/{rel}","templated":true}]}}