{"id":49005,"date":"2021-07-22T10:24:01","date_gmt":"2021-07-22T12:24:01","guid":{"rendered":"http:\/\/www2.comunitaria.com.br\/?p=49005"},"modified":"2021-07-22T10:24:01","modified_gmt":"2021-07-22T12:24:01","slug":"secretaria-de-educacao-informa-sobre-vagas-remanescentes-em-creches","status":"publish","type":"post","link":"https:\/\/www2.comunitaria.com.br\/en\/secretaria-de-educacao-informa-sobre-vagas-remanescentes-em-creches\/","title":{"rendered":"Secretaria de Educa\u00e7\u00e3o informa sobre vagas remanescentes em creches"},"content":{"rendered":"<p>A Administra\u00e7\u00e3o Municipal de Frederico Westphalen, atrav\u00e9s da Secretaria Municipal de Educa\u00e7\u00e3o e Cultura (Smec), publicou o edital que estabelece as diretrizes do processo de cadastro de pr\u00e9-matr\u00edculas e matr\u00edculas para os alunos na educa\u00e7\u00e3o infantil \u2013 creche para o ano letivo de 2021. A publica\u00e7\u00e3o \u00e9 referente \u00e0s vagas remanescentes nas unidades escolares de educa\u00e7\u00e3o infantil da rede municipal de ensino de Frederico Westphalen.<\/p>\n<p>As fam\u00edlias dever\u00e3o realizar o cadastro na unidade da rede municipal de ensino mais pr\u00f3xima de sua resid\u00eancia at\u00e9 essa sexta-feira, 23, das 8h30 \u00e0s 11h30 e das 13h30 \u00e0s 17h30.<\/p>\n<p>Para concorrer \u00e0s vagas remanescentes, as fam\u00edlias dever\u00e3o obrigatoriamente realizar o cadastro de pr\u00e9-matr\u00edcula da educa\u00e7\u00e3o infantil de Frederico Westphalen.<br \/>\nConforme o edital, h\u00e1 disponibilidade de vagas nas escolas de educa\u00e7\u00e3o infantil Nossa Senhora Aparecida, no Aparecida; Santa Luzia, no F\u00e1tima; John Ongmann, Santo Ant\u00f4nio; Ceci Capuani, F\u00e1tima; V\u00f3 Gladys, Aparecida; Jo\u00e3o Paulo II; Santo In\u00e1cio, Sofia Pich, Jardim Primavera; M\u00e3e de Deus, S\u00e3o Francisco de Paula; e S\u00e3o Crist\u00f3v\u00e3o, no bairro S\u00e3o Crist\u00f3v\u00e3o.<\/p>","protected":false},"excerpt":{"rendered":"<p>A Administra\u00e7\u00e3o Municipal de Frederico Westphalen, atrav\u00e9s da Secretaria Municipal de Educa\u00e7\u00e3o e Cultura (Smec), publicou o edital que estabelece as diretrizes do processo de cadastro de pr\u00e9-matr\u00edculas e matr\u00edculas&#8230;<\/p>","protected":false},"author":2,"featured_media":49007,"comment_status":"open","ping_status":"closed","sticky":false,"template":"","format":"standard","meta":{"ngg_post_thumbnail":0,"footnotes":""},"categories":[33],"tags":[],"class_list":["post-49005","post","type-post","status-publish","format-standard","has-post-thumbnail","hentry","category-noticias"],"amp_enabled":true,"_links":{"self":[{"href":"https:\/\/www2.comunitaria.com.br\/en\/wp-json\/wp\/v2\/posts\/49005","targetHints":{"allow":["GET"]}}],"collection":[{"href":"https:\/\/www2.comunitaria.com.br\/en\/wp-json\/wp\/v2\/posts"}],"about":[{"href":"https:\/\/www2.comunitaria.com.br\/en\/wp-json\/wp\/v2\/types\/post"}],"author":[{"embeddable":true,"href":"https:\/\/www2.comunitaria.com.br\/en\/wp-json\/wp\/v2\/users\/2"}],"replies":[{"embeddable":true,"href":"https:\/\/www2.comunitaria.com.br\/en\/wp-json\/wp\/v2\/comments?post=49005"}],"version-history":[{"count":0,"href":"https:\/\/www2.comunitaria.com.br\/en\/wp-json\/wp\/v2\/posts\/49005\/revisions"}],"wp:featuredmedia":[{"embeddable":true,"href":"https:\/\/www2.comunitaria.com.br\/en\/wp-json\/wp\/v2\/media\/49007"}],"wp:attachment":[{"href":"https:\/\/www2.comunitaria.com.br\/en\/wp-json\/wp\/v2\/media?parent=49005"}],"wp:term":[{"taxonomy":"category","embeddable":true,"href":"https:\/\/www2.comunitaria.com.br\/en\/wp-json\/wp\/v2\/categories?post=49005"},{"taxonomy":"post_tag","embeddable":true,"href":"https:\/\/www2.comunitaria.com.br\/en\/wp-json\/wp\/v2\/tags?post=49005"}],"curies":[{"name":"wp","href":"https:\/\/api.w.org\/{rel}","templated":true}]}}