{"id":48951,"date":"2021-07-19T09:48:21","date_gmt":"2021-07-19T11:48:21","guid":{"rendered":"http:\/\/www2.comunitaria.com.br\/?p=48951"},"modified":"2021-07-19T09:48:21","modified_gmt":"2021-07-19T11:48:21","slug":"jogos-olimpicos-contabilizam-58-casos-de-covid-19-na-semana-da-abertura","status":"publish","type":"post","link":"https:\/\/www2.comunitaria.com.br\/en\/jogos-olimpicos-contabilizam-58-casos-de-covid-19-na-semana-da-abertura\/","title":{"rendered":"Jogos Ol\u00edmpicos contabilizam 58 casos de Covid-19 na semana da abertura"},"content":{"rendered":"<p>A semana que marca o in\u00edcio das&nbsp;<strong>Olimp\u00edadas de T\u00f3quio 2020&nbsp;<\/strong>come\u00e7ou com uma contradi\u00e7\u00e3o. Enquanto as delega\u00e7\u00f5es passam a viver o clima dos Jogos na capital japonesa, os&nbsp;<strong>casos crescentes registrados de Covid-19 entre a comunidade ol\u00edmpica aumentam a preocupa\u00e7\u00e3o<\/strong>&nbsp;com rela\u00e7\u00e3o \u00e0 seguran\u00e7a do evento. At\u00e9 esta segunda-feira, 58 pessoas envolvidas com o megaevento esportivo foram diagnosticadas com o coronav\u00edrus.<\/p>\n<p>Segundo dados disponibilizados pelo comit\u00ea organizador, os n\u00fameros registrados a partir de 1\u00ba de julho contam: quatro atletas, 17 membros dos comit\u00eas internacionais e nacionais, cinco jornalistas, tr\u00eas funcion\u00e1rios e 29 terceirizados.&nbsp; M\u00e9dico-chefe de um comit\u00ea independente para a Covid-19, Brian McCloskey explicou que camadas de prote\u00e7\u00e3o foram tomadas para a realiza\u00e7\u00e3o da Olimp\u00edada.<\/p>\n<p>Dos testes realizados diariamente nos atletas at\u00e9 a vacina\u00e7\u00e3o, n\u00e3o-obrigat\u00f3ria para a entrada no Jap\u00e3o ou participa\u00e7\u00e3o nas competi\u00e7\u00f5es, tudo \u00e9 considerado para conter a dissemina\u00e7\u00e3o. \u201cMonitoramos as pessoas desde a chegada no aeroporto e, cada camada do protocolo, \u00e9 uma prote\u00e7\u00e3o a mais, \u00e9 uma redu\u00e7\u00e3o do risco de que o coronav\u00edrus seja espalhado. E os n\u00fameros de casos positivos at\u00e9 agora s\u00e3o muito baixos\u201d, disse McCloskey.<\/p>\n<div>\n<div id=\"denakop-ad-238249707598471\">&nbsp;<\/div>\n<\/div>\n<p><a id=\"VEJATAMBEM\" name=\"VEJATAMBEM\"><\/a><br \/>\nEntre os atletas, os casos de maior preocupa\u00e7\u00e3o est\u00e3o relacionados aos dois jogadores da sele\u00e7\u00e3o sul-africana masculina de futebol. O comit\u00ea do pa\u00eds confirmou que os casos s\u00e3o referentes aos jogadores Thabiso Monyane e Kamohelo Mahlatsi, al\u00e9m do analista de v\u00eddeo Mario Masha. Diante dos quadros, a partida de estreia do pa\u00eds no futebol, justamente contra o Jap\u00e3o, ganha contornos ainda mais tensos. A m\u00eddia local entende que n\u00e3o se tem a real no\u00e7\u00e3o do quanto os membros infectados tiveram contato pr\u00f3ximo com o restante da delega\u00e7\u00e3o.<\/p>\n<p>O Comit\u00ea Ol\u00edmpico Internacional (COI) tamb\u00e9m garante que a testagem di\u00e1ria dos atletas \u00e9 um mecanismo eficiente para evitar a propaga\u00e7\u00e3o do v\u00edrus. O Comit\u00ea afirma que&nbsp;8 mil testes para a detec\u00e7\u00e3o da covid-19 j\u00e1 foram realizados.&nbsp; No \u00faltimo levantamento do Governo de T\u00f3quio, 1.008 casos foram registrados em 24 horas. Ao todo, s\u00e3o 189.184 casos, sendo 2.252 mortes.<\/p>\n<div>\n<div id=\"denakop-ad-555795766777259\">&nbsp;<\/div>\n<\/div>\n<p>A<\/p>","protected":false},"excerpt":{"rendered":"<p>A semana que marca o in\u00edcio das&nbsp;Olimp\u00edadas de T\u00f3quio 2020&nbsp;come\u00e7ou com uma contradi\u00e7\u00e3o. Enquanto as delega\u00e7\u00f5es passam a viver o clima dos Jogos na capital japonesa, os&nbsp;casos crescentes registrados de&#8230;<\/p>","protected":false},"author":2,"featured_media":48953,"comment_status":"open","ping_status":"closed","sticky":false,"template":"","format":"standard","meta":{"ngg_post_thumbnail":0,"footnotes":""},"categories":[33],"tags":[],"class_list":["post-48951","post","type-post","status-publish","format-standard","has-post-thumbnail","hentry","category-noticias"],"amp_enabled":true,"_links":{"self":[{"href":"https:\/\/www2.comunitaria.com.br\/en\/wp-json\/wp\/v2\/posts\/48951","targetHints":{"allow":["GET"]}}],"collection":[{"href":"https:\/\/www2.comunitaria.com.br\/en\/wp-json\/wp\/v2\/posts"}],"about":[{"href":"https:\/\/www2.comunitaria.com.br\/en\/wp-json\/wp\/v2\/types\/post"}],"author":[{"embeddable":true,"href":"https:\/\/www2.comunitaria.com.br\/en\/wp-json\/wp\/v2\/users\/2"}],"replies":[{"embeddable":true,"href":"https:\/\/www2.comunitaria.com.br\/en\/wp-json\/wp\/v2\/comments?post=48951"}],"version-history":[{"count":0,"href":"https:\/\/www2.comunitaria.com.br\/en\/wp-json\/wp\/v2\/posts\/48951\/revisions"}],"wp:featuredmedia":[{"embeddable":true,"href":"https:\/\/www2.comunitaria.com.br\/en\/wp-json\/wp\/v2\/media\/48953"}],"wp:attachment":[{"href":"https:\/\/www2.comunitaria.com.br\/en\/wp-json\/wp\/v2\/media?parent=48951"}],"wp:term":[{"taxonomy":"category","embeddable":true,"href":"https:\/\/www2.comunitaria.com.br\/en\/wp-json\/wp\/v2\/categories?post=48951"},{"taxonomy":"post_tag","embeddable":true,"href":"https:\/\/www2.comunitaria.com.br\/en\/wp-json\/wp\/v2\/tags?post=48951"}],"curies":[{"name":"wp","href":"https:\/\/api.w.org\/{rel}","templated":true}]}}