{"id":48906,"date":"2021-07-14T09:31:19","date_gmt":"2021-07-14T11:31:19","guid":{"rendered":"http:\/\/www2.comunitaria.com.br\/?p=48906"},"modified":"2021-07-14T09:31:19","modified_gmt":"2021-07-14T11:31:19","slug":"assembleia-aprova-fim-da-pensao-vitalicia-de-ex-governadores-no-rs","status":"publish","type":"post","link":"https:\/\/www2.comunitaria.com.br\/en\/assembleia-aprova-fim-da-pensao-vitalicia-de-ex-governadores-no-rs\/","title":{"rendered":"Assembleia aprova fim da pens\u00e3o vital\u00edcia de ex-governadores no RS"},"content":{"rendered":"<p style=\"text-align: justify;\">Os deputados aprovaram, por 49 votos favor\u00e1veis e um contr\u00e1rio &#8211; deputada Patr\u00edcia Alba (MDB), na noite desta ter\u00e7a-feira, o projeto&nbsp;que prev\u00ea o fim da concess\u00e3o de pens\u00f5es a ex-governadores e vi\u00favas no Rio Grande do Sul. A proposta de Pedro Pereira (PSDB) buscou a revoga\u00e7\u00e3o da lei n\u00ba 7.285, de 23 de julho de 1979, que trata da pens\u00e3o vital\u00edcia. O projeto ainda depende da san\u00e7\u00e3o do governador Eduardo Leite.&nbsp;<\/p>\n<p style=\"text-align: justify;\">\u201cS\u00e3o nove ex-governadores e quatro vi\u00favas que recebem mensalmente, cada um, mais de R$ 32 mil e com direito ao 13\u00b0 sal\u00e1rio. \u00c9 uma vergonha. Todos sem exce\u00e7\u00e3o recebem outras remunera\u00e7\u00f5es. S\u00e3o R$ 6 milh\u00f5es, ao ano, que o estado gasta para bancar estes privil\u00e9gios\u201d, afirmou Pedro Pereira. &#8220;\u00c9 uma oportunidade de mostrar quem \u00e9 quem e quem est\u00e1 ao lado do povo ou n\u00e3o&#8221;. Pela atual legisla\u00e7\u00e3o, o governador Eduardo Leite (PSDB) ter\u00e1 direito a um pens\u00e3o pelo per\u00edodo de quatro anos ao deixar o cargo.&nbsp;&nbsp;<\/p>\n<p style=\"text-align: justify;\">A bancada do Novo fez um forte apelo aos parlamentares para que o projeto fosse aprovado na sua forma original. &#8220;Se votarmos a favor do substitutivo estaremos respaldando o pagamento dessa pens\u00e3o ilegal e imoral&#8221;, defendeu F\u00e1bio Ostermann (Novo). O deputado lembrou ainda da ADI que tramita no STF e torna ilegal o pagamento desses valores. &#8220;Vai ser uma vergonha se deixarmos para o STF acabar com essa aposentadoria&#8221;, disse.&nbsp;<\/p>\n<div style=\"text-align: justify;\">\n<div id=\"denakop-ad-677768315830833\">&nbsp;<\/div>\n<\/div>\n<p style=\"text-align: justify;\">A deputada Any Ortiz (Cidadania), que em 2015 prop\u00f4s o projeto que extinguiu a vitalidade da pens\u00e3o, lamentou que na \u00e9poca n\u00e3o se tinha o mesmo entendimento que se tem hoje sobre a legalidade da lei. &#8220;O que estamos vendo hoje aqui \u00e9 o corporativismo atuando na pr\u00e1tica&#8221;, acusou Any, se referindo os deputados que foram a favor do substitutivo. &#8220;Se \u00e9 para combater privil\u00e9gio, que seja combatido de verdade&#8221;, pediu.<\/p>\n<h3 style=\"text-align: justify;\"><strong>Substitutivo gerou discuss\u00e3o<\/strong>&nbsp;<\/h3>\n<p style=\"text-align: justify;\">Um dos momentos mais tensos foi o qual houve a vota\u00e7\u00e3o do substitutivo, de autoria&nbsp;do deputado Carlos B\u00farigo (MDB).&nbsp;A nova proposta previa a manuten\u00e7\u00e3o do pagamento das pens\u00f5es j\u00e1 concedidas e que, aos novos ocupantes do Pal\u00e1cio Piratini, seja concedido um subs\u00eddio pelo per\u00edodo de seis meses ap\u00f3s deixarem o cargo.<\/p>","protected":false},"excerpt":{"rendered":"<p>Os deputados aprovaram, por 49 votos favor\u00e1veis e um contr\u00e1rio &#8211; deputada Patr\u00edcia Alba (MDB), na noite desta ter\u00e7a-feira, o projeto&nbsp;que prev\u00ea o fim da concess\u00e3o de pens\u00f5es a ex-governadores e vi\u00favas no Rio Grande do Sul. A proposta de Pedro Pereira (PSDB) buscou a revoga\u00e7\u00e3o da lei n\u00ba 7.285, de 23 de julho de<\/p>\n<div class=\"read-more-wrapper\"><a class=\"read-more\" href=\"https:\/\/www2.comunitaria.com.br\/en\/assembleia-aprova-fim-da-pensao-vitalicia-de-ex-governadores-no-rs\/\" title=\"Read More\"> <span class=\"button\">Read More<\/span><\/a><\/div>","protected":false},"author":2,"featured_media":48908,"comment_status":"open","ping_status":"closed","sticky":false,"template":"","format":"standard","meta":{"ngg_post_thumbnail":0,"footnotes":""},"categories":[28,33],"tags":[],"class_list":["post-48906","post","type-post","status-publish","format-standard","has-post-thumbnail","hentry","category-destaque","category-noticias"],"amp_enabled":true,"_links":{"self":[{"href":"https:\/\/www2.comunitaria.com.br\/en\/wp-json\/wp\/v2\/posts\/48906","targetHints":{"allow":["GET"]}}],"collection":[{"href":"https:\/\/www2.comunitaria.com.br\/en\/wp-json\/wp\/v2\/posts"}],"about":[{"href":"https:\/\/www2.comunitaria.com.br\/en\/wp-json\/wp\/v2\/types\/post"}],"author":[{"embeddable":true,"href":"https:\/\/www2.comunitaria.com.br\/en\/wp-json\/wp\/v2\/users\/2"}],"replies":[{"embeddable":true,"href":"https:\/\/www2.comunitaria.com.br\/en\/wp-json\/wp\/v2\/comments?post=48906"}],"version-history":[{"count":0,"href":"https:\/\/www2.comunitaria.com.br\/en\/wp-json\/wp\/v2\/posts\/48906\/revisions"}],"wp:featuredmedia":[{"embeddable":true,"href":"https:\/\/www2.comunitaria.com.br\/en\/wp-json\/wp\/v2\/media\/48908"}],"wp:attachment":[{"href":"https:\/\/www2.comunitaria.com.br\/en\/wp-json\/wp\/v2\/media?parent=48906"}],"wp:term":[{"taxonomy":"category","embeddable":true,"href":"https:\/\/www2.comunitaria.com.br\/en\/wp-json\/wp\/v2\/categories?post=48906"},{"taxonomy":"post_tag","embeddable":true,"href":"https:\/\/www2.comunitaria.com.br\/en\/wp-json\/wp\/v2\/tags?post=48906"}],"curies":[{"name":"wp","href":"https:\/\/api.w.org\/{rel}","templated":true}]}}