{"id":48835,"date":"2021-07-08T15:45:42","date_gmt":"2021-07-08T17:45:42","guid":{"rendered":"http:\/\/www2.comunitaria.com.br\/?p=48835"},"modified":"2021-07-08T15:45:42","modified_gmt":"2021-07-08T17:45:42","slug":"presidente-da-comissao-de-desenvolvimento-economico-entrega-copia-da-ata-da-audiencia-publica-do-ppa-ao-vice-prefeito","status":"publish","type":"post","link":"https:\/\/www2.comunitaria.com.br\/en\/presidente-da-comissao-de-desenvolvimento-economico-entrega-copia-da-ata-da-audiencia-publica-do-ppa-ao-vice-prefeito\/","title":{"rendered":"Presidente da Comiss\u00e3o de Desenvolvimento Econ\u00f4mico entrega c\u00f3pia da ata da audi\u00eancia p\u00fablica do PPA ao vice-prefeito"},"content":{"rendered":"<p><i><span style=\"font-weight: 400;\">Objetivo da entrega \u00e9 possibilitar uma avalia\u00e7\u00e3o e readequa\u00e7\u00e3o por parte do executivo se entenderem pertinente os apontamentos da comunidade<\/span><\/i><\/p>\n<p><span style=\"font-weight: 400;\">O presidente da Comiss\u00e3o de Desenvolvimento Econ\u00f4mico, Fiscaliza\u00e7\u00e3o e Controle Or\u00e7ament\u00e1rio da C\u00e2mara Municipal de Frederico Westphalen, Leandro Mazzutti, entregou ao vice-prefeito, Jo\u00e3o Francisco Vendruscolo, nesta quarta-feira, 7, uma c\u00f3pia da ata da audi\u00eancia p\u00fablica realizada em 24 de junho sobre o Plano Plurianual (PPA).<\/span><\/p>\n<p><span style=\"font-weight: 400;\">De acordo com o vereador a entrega formaliza ao executivo a entrega das demandas elencadas pela comunidade como importantes de constarem no plano que nortear\u00e1 as a\u00e7\u00f5es para os pr\u00f3ximos quatro anos \u2013 2022\/2025. \u201cQuando o munic\u00edpio fez a sua audi\u00eancia, em 31 de maio, ficou acordado que as demandas das entidades e da pr\u00f3pria comunidade seriam levadas ao vice-prefeito, que foi quem coordenou a audi\u00eancia naquela oportunidade, e \u00e9 isso que estamos fazendo, trazendo as ideias e apontamentos para avalia\u00e7\u00e3o do executivo, para que com isso em m\u00e3os, possam, quem sabe, rever o PPA e encaminhar mensagens retificativas para a casa legislativa se assim entenderem oportuno\u201d, explicou Mazzutti.<\/span><\/p>\n<p><span style=\"font-weight: 400;\">Alguns dos apontamentos apresentados na audi\u00eancia foram: destina\u00e7\u00e3o de valor para Fundo Municipal da Cultura;&nbsp; cria\u00e7\u00e3o\/amplia\u00e7\u00e3o de escolas em tempo integral com atividades paralelas no contra turno; qualifica\u00e7\u00e3o dos profissionais e destina\u00e7\u00e3o de recursos para parcerias, por exemplo com o Senai, para cursos profissionalizantes; aumento do valor, hoje projetado em R$ 200 mil\/ano, para a manuten\u00e7\u00e3o da UTI no Hospital Divina Provid\u00eancia; Implanta\u00e7\u00e3o de transporte p\u00fablico municipal; aumento do repasse \u00e0s entidades assistenciais por meio de projetos e subven\u00e7\u00f5es.<\/span><\/p>\n<p><span style=\"font-weight: 400;\">De forma em objetiva os dois comentaram previamente os apontamentos e o representante do executivo confirmou que a gest\u00e3o estar\u00e1, dentro das possibilidades, procurando atender as demandas. \u201cA gente sabe que o PPA n\u00e3o \u00e9 a garantia da execu\u00e7\u00e3o de nenhum desses projetos, por\u00e9m cada demanda ser\u00e1 avaliada, sendo que algumas, est\u00e1 se buscando alternativas\u201d, comentou.<\/span><\/p>\n<p><span style=\"font-weight: 400;\">O legislativo tamb\u00e9m avalia as indica\u00e7\u00f5es da comunidade e estuda a viabilidade de propor emendas ao projeto, desde que esteja dentro dos crit\u00e9rios exigidos pela legisla\u00e7\u00e3o, para posterior encaminhamento do projeto para vota\u00e7\u00e3o.<\/span><\/p>","protected":false},"excerpt":{"rendered":"<p>Objetivo da entrega \u00e9 possibilitar uma avalia\u00e7\u00e3o e readequa\u00e7\u00e3o por parte do executivo se entenderem pertinente os apontamentos da comunidade O presidente da Comiss\u00e3o de Desenvolvimento Econ\u00f4mico, Fiscaliza\u00e7\u00e3o e Controle&#8230;<\/p>","protected":false},"author":2,"featured_media":48837,"comment_status":"open","ping_status":"closed","sticky":false,"template":"","format":"standard","meta":{"ngg_post_thumbnail":0,"footnotes":""},"categories":[33],"tags":[],"class_list":["post-48835","post","type-post","status-publish","format-standard","has-post-thumbnail","hentry","category-noticias"],"amp_enabled":true,"_links":{"self":[{"href":"https:\/\/www2.comunitaria.com.br\/en\/wp-json\/wp\/v2\/posts\/48835","targetHints":{"allow":["GET"]}}],"collection":[{"href":"https:\/\/www2.comunitaria.com.br\/en\/wp-json\/wp\/v2\/posts"}],"about":[{"href":"https:\/\/www2.comunitaria.com.br\/en\/wp-json\/wp\/v2\/types\/post"}],"author":[{"embeddable":true,"href":"https:\/\/www2.comunitaria.com.br\/en\/wp-json\/wp\/v2\/users\/2"}],"replies":[{"embeddable":true,"href":"https:\/\/www2.comunitaria.com.br\/en\/wp-json\/wp\/v2\/comments?post=48835"}],"version-history":[{"count":0,"href":"https:\/\/www2.comunitaria.com.br\/en\/wp-json\/wp\/v2\/posts\/48835\/revisions"}],"wp:featuredmedia":[{"embeddable":true,"href":"https:\/\/www2.comunitaria.com.br\/en\/wp-json\/wp\/v2\/media\/48837"}],"wp:attachment":[{"href":"https:\/\/www2.comunitaria.com.br\/en\/wp-json\/wp\/v2\/media?parent=48835"}],"wp:term":[{"taxonomy":"category","embeddable":true,"href":"https:\/\/www2.comunitaria.com.br\/en\/wp-json\/wp\/v2\/categories?post=48835"},{"taxonomy":"post_tag","embeddable":true,"href":"https:\/\/www2.comunitaria.com.br\/en\/wp-json\/wp\/v2\/tags?post=48835"}],"curies":[{"name":"wp","href":"https:\/\/api.w.org\/{rel}","templated":true}]}}