{"id":4879,"date":"2015-07-13T16:47:01","date_gmt":"2015-07-13T18:47:01","guid":{"rendered":"http:\/\/www2.comunitaria.com.br\/?p=4879"},"modified":"2015-07-13T16:52:48","modified_gmt":"2015-07-13T18:52:48","slug":"principio-de-incendio-no-supermercado-do-colono-e-controlado-em-tenente-portela","status":"publish","type":"post","link":"https:\/\/www2.comunitaria.com.br\/en\/principio-de-incendio-no-supermercado-do-colono-e-controlado-em-tenente-portela\/","title":{"rendered":"Princ\u00edpio de inc\u00eandio no Supermercado do Colono \u00e9 controlado em Tenente Portela"},"content":{"rendered":"<p>Com o aux\u00edlio de moradores das proximidades, funcion\u00e1rios, policiais da Brigada Militar e do Corpo de Bombeiros, o princ\u00edpio de inc\u00eandio no Supermercado do Colono, em Tenente Portela, foi controlado ap\u00f3s mais de uma hora.<\/p>\n<p>O fogo iniciou por volta das 12h20min e destruiu parte do dep\u00f3sito do estabelecimento. A loja n\u00e3o foi atingida pelas chamas, mas a fuma\u00e7a se espalhou por todo o interior do pr\u00e9dio.<\/p>\n<p>Al\u00e9m do Corpo de Bombeiros de Tr\u00eas Passos, a corpora\u00e7\u00e3o de Frederico Westphalen tamb\u00e9m foi acionada e esteve no local.<\/p>\n<p>N\u00e3o h\u00e1 informa\u00e7\u00f5es sobre feridos.<\/p>\n<p><em>Portela OnLine<\/em><\/p>","protected":false},"excerpt":{"rendered":"<p>Com o aux\u00edlio de moradores das proximidades, funcion\u00e1rios, policiais da Brigada Militar e do Corpo de Bombeiros, o princ\u00edpio de inc\u00eandio no Supermercado do Colono, em Tenente Portela, foi controlado&#8230;<\/p>","protected":false},"author":2,"featured_media":4880,"comment_status":"open","ping_status":"closed","sticky":false,"template":"","format":"standard","meta":{"ngg_post_thumbnail":0,"footnotes":""},"categories":[33,43],"tags":[367,641,98],"class_list":["post-4879","post","type-post","status-publish","format-standard","has-post-thumbnail","hentry","category-noticias","category-regiao","tag-bombeiros","tag-incendio","tag-tenente-portela"],"amp_enabled":true,"_links":{"self":[{"href":"https:\/\/www2.comunitaria.com.br\/en\/wp-json\/wp\/v2\/posts\/4879","targetHints":{"allow":["GET"]}}],"collection":[{"href":"https:\/\/www2.comunitaria.com.br\/en\/wp-json\/wp\/v2\/posts"}],"about":[{"href":"https:\/\/www2.comunitaria.com.br\/en\/wp-json\/wp\/v2\/types\/post"}],"author":[{"embeddable":true,"href":"https:\/\/www2.comunitaria.com.br\/en\/wp-json\/wp\/v2\/users\/2"}],"replies":[{"embeddable":true,"href":"https:\/\/www2.comunitaria.com.br\/en\/wp-json\/wp\/v2\/comments?post=4879"}],"version-history":[{"count":0,"href":"https:\/\/www2.comunitaria.com.br\/en\/wp-json\/wp\/v2\/posts\/4879\/revisions"}],"wp:featuredmedia":[{"embeddable":true,"href":"https:\/\/www2.comunitaria.com.br\/en\/wp-json\/wp\/v2\/media\/4880"}],"wp:attachment":[{"href":"https:\/\/www2.comunitaria.com.br\/en\/wp-json\/wp\/v2\/media?parent=4879"}],"wp:term":[{"taxonomy":"category","embeddable":true,"href":"https:\/\/www2.comunitaria.com.br\/en\/wp-json\/wp\/v2\/categories?post=4879"},{"taxonomy":"post_tag","embeddable":true,"href":"https:\/\/www2.comunitaria.com.br\/en\/wp-json\/wp\/v2\/tags?post=4879"}],"curies":[{"name":"wp","href":"https:\/\/api.w.org\/{rel}","templated":true}]}}