{"id":48740,"date":"2021-07-05T10:52:56","date_gmt":"2021-07-05T12:52:56","guid":{"rendered":"http:\/\/www2.comunitaria.com.br\/?p=48740"},"modified":"2021-07-05T10:52:56","modified_gmt":"2021-07-05T12:52:56","slug":"o-uso-da-mascara-veio-para-ficar-disse-presidente-da-camara-em-inauguracao-de-fabrica-de-epis","status":"publish","type":"post","link":"https:\/\/www2.comunitaria.com.br\/en\/o-uso-da-mascara-veio-para-ficar-disse-presidente-da-camara-em-inauguracao-de-fabrica-de-epis\/","title":{"rendered":"\u201cO uso da m\u00e1scara veio para ficar\u201d, disse presidente da C\u00e2mara em inaugura\u00e7\u00e3o de f\u00e1brica de EPIs"},"content":{"rendered":"<p><i><span style=\"font-weight: 400;\">A empresa que nasceu em 2010 em 2020 iniciou os trabalhos para industrializa\u00e7\u00e3o dos produtos e um ano depois inaugura a f\u00e1brica<\/span><\/i><\/p>\n<p><span style=\"font-weight: 400;\">Na manh\u00e3 desta sexta-feira, 2, o presidente do legislativo de Frederico Westphalen, Jorge Alan Souza participou da inaugura\u00e7\u00e3o da Bot\u00e2nica EPIs, uma ind\u00fastria apta a produzir equipamentos de prote\u00e7\u00e3o individual (EPI) que abriu suas portas em Frederico Westphalen para produzir, inicialmente, m\u00e1scaras cir\u00fargicas de TNT.<\/span><\/p>\n<p><span style=\"font-weight: 400;\">A Bot\u00e2nica EPIs nasceu em 2010 mas s\u00f3 em 2020 que a fam\u00edlia Fabris e Scariot iniciaram a busca pela produ\u00e7\u00e3o pr\u00f3pria, pela instala\u00e7\u00e3o da f\u00e1brica de EPIs da Bot\u00e2nica. <em>\u201cFoi um ano de muito trabalho, de busca por todas as licen\u00e7as, de regulariza\u00e7\u00e3o na Anvisa, at\u00e9 chegarmos aqui. O nosso objetivo \u00e9 crescer ano a ano, come\u00e7amos com as m\u00e1scaras cir\u00fargicas de TNT, no pr\u00f3ximo ano queremos agregar mais um produto, no outro ano mais um e assim sucessivamente at\u00e9 conseguirmos produzir toda a gama de produtos ofertados hoje pela Bot\u00e2nica EPIs\u201d<\/em>, disse o s\u00f3cio propriet\u00e1rio Rafael Scariot.&nbsp;<\/span><\/p>\n<p><span style=\"font-weight: 400;\">O presidente do legislativo parabenizou a fam\u00edlia por escolher Frederico Westphalen para investir, destacando o pensamento de desenvolvimento regional e aproveitou para deixar o legislativo a disposi\u00e7\u00e3o para auxiliar nas demandas da empresa. \u201c<em>\u00c9 um investimento promissor que supre uma necessidade do momento, mas, eu acredito que o uso da m\u00e1scara veio para ficar, pois reduziu consideravelmente outros problemas de sa\u00fade, principalmente sa\u00fade respirat\u00f3ria e a m\u00e1scara \u00e9 uma aliada nessa redu\u00e7\u00e3o, por isso, eu digo a m\u00e1scara dever\u00e1 ser um acess\u00f3rio de rotina, n\u00e3o para todos como \u00e9 hoje, mas para as pessoas doentes, evitando a contamina\u00e7\u00e3o dos demais\u201d,<\/em> disse.<\/span><\/p>\n<p><span style=\"font-weight: 400;\">O ato contou ainda com a presen\u00e7a do prefeito em exerc\u00edcio Jo\u00e3o Francisco Vendruscolo e do s\u00f3cio propriet\u00e1rio Fid\u00eancio F\u00e1bio Fabris.<\/span><\/p>\n<p><span style=\"font-weight: 400;\">Durante a inaugura\u00e7\u00e3o a empresa que vai comercializar seus produtos para o atacado e varejo, anunciou ainda a entrega de 30 mil unidades das m\u00e1scaras de TNT para hospitais, APAEs e Lar de idosos de Frederico Westphalen e da regi\u00e3o.<\/span><\/p>\n<p>&nbsp;<\/p>\n<p><em>*ASCOM C\u00e2mara de Vereadores de FW<\/em><\/p>","protected":false},"excerpt":{"rendered":"<p>A empresa que nasceu em 2010 em 2020 iniciou os trabalhos para industrializa\u00e7\u00e3o dos produtos e um ano depois inaugura a f\u00e1brica Na manh\u00e3 desta sexta-feira, 2, o presidente do&#8230;<\/p>","protected":false},"author":2,"featured_media":48742,"comment_status":"open","ping_status":"closed","sticky":false,"template":"","format":"standard","meta":{"ngg_post_thumbnail":0,"footnotes":""},"categories":[33],"tags":[],"class_list":["post-48740","post","type-post","status-publish","format-standard","has-post-thumbnail","hentry","category-noticias"],"amp_enabled":true,"_links":{"self":[{"href":"https:\/\/www2.comunitaria.com.br\/en\/wp-json\/wp\/v2\/posts\/48740","targetHints":{"allow":["GET"]}}],"collection":[{"href":"https:\/\/www2.comunitaria.com.br\/en\/wp-json\/wp\/v2\/posts"}],"about":[{"href":"https:\/\/www2.comunitaria.com.br\/en\/wp-json\/wp\/v2\/types\/post"}],"author":[{"embeddable":true,"href":"https:\/\/www2.comunitaria.com.br\/en\/wp-json\/wp\/v2\/users\/2"}],"replies":[{"embeddable":true,"href":"https:\/\/www2.comunitaria.com.br\/en\/wp-json\/wp\/v2\/comments?post=48740"}],"version-history":[{"count":0,"href":"https:\/\/www2.comunitaria.com.br\/en\/wp-json\/wp\/v2\/posts\/48740\/revisions"}],"wp:featuredmedia":[{"embeddable":true,"href":"https:\/\/www2.comunitaria.com.br\/en\/wp-json\/wp\/v2\/media\/48742"}],"wp:attachment":[{"href":"https:\/\/www2.comunitaria.com.br\/en\/wp-json\/wp\/v2\/media?parent=48740"}],"wp:term":[{"taxonomy":"category","embeddable":true,"href":"https:\/\/www2.comunitaria.com.br\/en\/wp-json\/wp\/v2\/categories?post=48740"},{"taxonomy":"post_tag","embeddable":true,"href":"https:\/\/www2.comunitaria.com.br\/en\/wp-json\/wp\/v2\/tags?post=48740"}],"curies":[{"name":"wp","href":"https:\/\/api.w.org\/{rel}","templated":true}]}}