{"id":48729,"date":"2021-07-02T16:03:03","date_gmt":"2021-07-02T18:03:03","guid":{"rendered":"http:\/\/www2.comunitaria.com.br\/?p=48729"},"modified":"2021-07-02T16:03:03","modified_gmt":"2021-07-02T18:03:03","slug":"bebe-jogado-pela-janela-do-onibus-em-panambi-esta-em-estado-grave","status":"publish","type":"post","link":"https:\/\/www2.comunitaria.com.br\/en\/bebe-jogado-pela-janela-do-onibus-em-panambi-esta-em-estado-grave\/","title":{"rendered":"Beb\u00ea jogado pela janela do \u00f4nibus em Panambi est\u00e1 em estado grave"},"content":{"rendered":"<p>\u00c9 grave o estado de sa\u00fade da&nbsp;<u><strong><a href=\"https:\/\/www.correiodopovo.com.br\/not%C3%ADcias\/pol%C3%ADcia\/brigada-militar-localiza-jovem-que-seria-a-m%C3%A3e-de-beb%C3%AA-jogado-pela-janela-de-%C3%B4nibus-em-panambi-1.647965\" target=\"_blank\" rel=\"noopener noreferrer\">rec\u00e9m-nascida<\/a><\/strong><\/u>&nbsp;jogada pela m\u00e3e atrav\u00e9s da janela de um \u00f4nibus de linha intermunicipal na madrugada da \u00faltima quarta-feira em Panambi. O Hospital Vida &amp; Sa\u00fade de Santa Rosa divulgou uma nota oficial sobre a situa\u00e7\u00e3o da crian\u00e7a internada na UTI Neonatal. A institui\u00e7\u00e3o informou que o quadro \u00e9 est\u00e1vel.<\/p>\n<p>\u201cO beb\u00ea chegou ao HVS na quarta-feira (30), \u00e0s 22h10. A transfer\u00eancia se deu em fun\u00e7\u00e3o do servi\u00e7o de refer\u00eancia prestado na Institui\u00e7\u00e3o. Desde o momento da interna\u00e7\u00e3o, a rec\u00e9m-nascida est\u00e1 sendo monitorada por uma equipe multidisciplinar e por equipe m\u00e9dica. O quadro inspira cuidados e qualquer altera\u00e7\u00e3o no estado de sa\u00fade ser\u00e1 informada por nota\u201d, disse o comunicado.<\/p>\n<p>J\u00e1 a Pol\u00edcia Civil prossegue com o inqu\u00e9rito, sendo realizadas oitivas e per\u00edcias, al\u00e9m da an\u00e1lise do telefone celular apreendido com a m\u00e3e do beb\u00ea. Trata-se de uma jovem, de 20 anos, que est\u00e1&nbsp;<u><strong><a href=\"https:\/\/www.correiodopovo.com.br\/not%C3%ADcias\/pol%C3%ADcia\/pol%C3%ADcia-civil-prende-suspeita-de-ter-jogado-beb%C3%AA-pela-janela-de-%C3%B4nibus-em-panambi-1.648360\" target=\"_blank\" rel=\"noopener noreferrer\">presa preventivamente<\/a><\/strong><\/u> desde a quinta-feira, ap\u00f3s ser localizada na noite da \u00faltima quarta-feira em casa de parentes pelo efetivo do 14\u00ba BPM da Brigada Militar no interior do munic\u00edpio de Dezesseis de Novembro.<\/p>\n<p>Na manh\u00e3 desta sexta-feira, o delegado Gustavo Fleury divulgou novas imagens de c\u00e2meras de monitoramento que est\u00e3o sendo verificadas na investiga\u00e7\u00e3o. Uma das imagens mostra a m\u00e3e da crian\u00e7a desembarcando na Esta\u00e7\u00e3o Rodovi\u00e1ria de Dezesseis de Novembro.<\/p>\n<p>A jovem vai at\u00e9 um tanque existente no terminal para lavar as m\u00e3os sujas pelo parto ocorrido dentro do banheiro do \u00f4nibus que fazia linha intermunicipal Porto Alegre-S\u00e3o Nicolau. Ele compra depois absorventes \u00edntimos em um estabelecimento no local. Em seguida \u00e9 buscada por um parente em um ve\u00edculo, sendo levada para a zona rural.<\/p>\n<p>A equipe do delegado Gustavo Fleury identificou que o beb\u00ea foi arremessado pela&nbsp;janela do pr\u00f3prio banheiro do \u00f4nibus, quando passava pela avenida Presidente Kennedy, em Panambi. Sem roupas, a crian\u00e7a teria permanecido no local por mais de 30 minutos no local, sendo resgatada pela Brigada Militar.<\/p>\n<p>Na tarde de quinta-feira, os policiais civis cumpriram um mandado de pris\u00e3o preventiva e outro de busca e apreens\u00e3o em desfavor da jovem, que deve ser indiciada por crime de homic\u00eddio na forma tentada. Os agentes recolheram as roupas usadas no dia do fato e o telefone celular dela. A m\u00e3e j\u00e1 est\u00e1 no sistema prisional.<\/p>\n<p><em>\u201cEla admitiu ter jogado a crian\u00e7a da janela do \u00f4nibus em Panambi. Admitiu tamb\u00e9m que entrou em trabalho de parto durante o trajeto feito pelo \u00f4nibus e que escondeu a gravidez dos seus parentes. E este seria um dos motivos pelos quais, al\u00e9m do fato dela nos ter relatado que n\u00e3o sabe quem \u00e9 o pai da crian\u00e7a, ela teria jogado o beb\u00ea pela janela do \u00f4nibus\u201d<\/em>, declarou ainda na quinta-feira o delegado Gustavo Fleury.<\/p>\n<p>&nbsp;<\/p>\n<p><em>*Correio do Povo&nbsp;<\/em><\/p>","protected":false},"excerpt":{"rendered":"<p>\u00c9 grave o estado de sa\u00fade da&nbsp;rec\u00e9m-nascida&nbsp;jogada pela m\u00e3e atrav\u00e9s da janela de um \u00f4nibus de linha intermunicipal na madrugada da \u00faltima quarta-feira em Panambi. O Hospital Vida &amp; Sa\u00fade de Santa Rosa divulgou uma nota oficial sobre a situa\u00e7\u00e3o da crian\u00e7a internada na UTI Neonatal. A institui\u00e7\u00e3o informou que o quadro \u00e9 est\u00e1vel. \u201cO<\/p>\n<div class=\"read-more-wrapper\"><a class=\"read-more\" href=\"https:\/\/www2.comunitaria.com.br\/en\/bebe-jogado-pela-janela-do-onibus-em-panambi-esta-em-estado-grave\/\" title=\"Read More\"> <span class=\"button\">Read More<\/span><\/a><\/div>","protected":false},"author":2,"featured_media":48731,"comment_status":"open","ping_status":"closed","sticky":false,"template":"","format":"standard","meta":{"ngg_post_thumbnail":0,"footnotes":""},"categories":[33],"tags":[],"class_list":["post-48729","post","type-post","status-publish","format-standard","has-post-thumbnail","hentry","category-noticias"],"amp_enabled":true,"_links":{"self":[{"href":"https:\/\/www2.comunitaria.com.br\/en\/wp-json\/wp\/v2\/posts\/48729","targetHints":{"allow":["GET"]}}],"collection":[{"href":"https:\/\/www2.comunitaria.com.br\/en\/wp-json\/wp\/v2\/posts"}],"about":[{"href":"https:\/\/www2.comunitaria.com.br\/en\/wp-json\/wp\/v2\/types\/post"}],"author":[{"embeddable":true,"href":"https:\/\/www2.comunitaria.com.br\/en\/wp-json\/wp\/v2\/users\/2"}],"replies":[{"embeddable":true,"href":"https:\/\/www2.comunitaria.com.br\/en\/wp-json\/wp\/v2\/comments?post=48729"}],"version-history":[{"count":0,"href":"https:\/\/www2.comunitaria.com.br\/en\/wp-json\/wp\/v2\/posts\/48729\/revisions"}],"wp:featuredmedia":[{"embeddable":true,"href":"https:\/\/www2.comunitaria.com.br\/en\/wp-json\/wp\/v2\/media\/48731"}],"wp:attachment":[{"href":"https:\/\/www2.comunitaria.com.br\/en\/wp-json\/wp\/v2\/media?parent=48729"}],"wp:term":[{"taxonomy":"category","embeddable":true,"href":"https:\/\/www2.comunitaria.com.br\/en\/wp-json\/wp\/v2\/categories?post=48729"},{"taxonomy":"post_tag","embeddable":true,"href":"https:\/\/www2.comunitaria.com.br\/en\/wp-json\/wp\/v2\/tags?post=48729"}],"curies":[{"name":"wp","href":"https:\/\/api.w.org\/{rel}","templated":true}]}}