{"id":48719,"date":"2021-07-02T14:16:29","date_gmt":"2021-07-02T16:16:29","guid":{"rendered":"http:\/\/www2.comunitaria.com.br\/?p=48719"},"modified":"2021-07-02T14:21:08","modified_gmt":"2021-07-02T16:21:08","slug":"governador-do-rs-assume-homossexualidade-sou-gay-nao-tenho-nada-a-esconder","status":"publish","type":"post","link":"https:\/\/www2.comunitaria.com.br\/en\/governador-do-rs-assume-homossexualidade-sou-gay-nao-tenho-nada-a-esconder\/","title":{"rendered":"Governador do RS assume homossexualidade: \u201cSou gay, n\u00e3o tenho nada a esconder\u201d"},"content":{"rendered":"<p>A participa\u00e7\u00e3o do governador do Rio Grande do Sul, Eduardo Leite (PSDB), no programa de entrevistas de Pedro Bial, exibido na madrugada desta sexta-feira (2), na Rede Globo foi al\u00e9m da pr\u00e9-candidatura do ga\u00facho \u00e0 Presid\u00eancia da Rep\u00fablica. Questionado pelo apresentador acerca de sua orienta\u00e7\u00e3o sexual, Leite assumiu pela primeira vez sua orienta\u00e7\u00e3o sexual:<em> \u201cEu sou gay, n\u00e3o tenho nada a esconder\u201d.<\/em><\/p>\n<p>Embora o assunto nunca tenha sido tratado de modo p\u00fablico pelo governador, ele afirmou que n\u00e3o foge do assunto. \u201cEu sou gay, eu sou gay e sou um governador gay. N\u00e3o sou um gay governador, tanto quanto Obama nos EUA n\u00e3o foi um negro presidente. Foi um presidente negro. E tenho orgulho disso. N\u00e3o trouxe esse assunto, mas nunca neguei ser quem eu sou. Nunca criei um personagem\u201d, afirmou.<\/p>\n<p>Leite j\u00e1 foi alvo de ataques homof\u00f3bicos, especialmente durante as campanhas eleitorais em que concorreu \u00e0 prefeitura de Pelotas e ao governo do estado. A repercuss\u00e3o ao posicionamento iniciou antes mesmo da veicula\u00e7\u00e3o do programa. Falando \u00e0 coluna da jornalista Rosane Oliveira (jornal Zero Hora), Leite explicou por que de tratar o assunto neste momento.<\/p>\n<p><em>\u201cN\u00e3o tenho nada a esconder. Apenas achava que minha orienta\u00e7\u00e3o sexual era uma quest\u00e3o privada, mas com a exposi\u00e7\u00e3o nacional, a partir do momento em que assumi a pr\u00e9-candidatura a presidente, entendi que era importante falar, at\u00e9 para calar as pessoas que fazem insinua\u00e7\u00f5es maldosas e piadas desrespeitosas. Vergonha eu teria se tivesse que explicar corrup\u00e7\u00e3o<\/em>\u201d, disse.<\/p>\n<p><strong>Repercuss\u00e3o<\/strong><\/p>\n<p>O ex-deputado federal Jean Willis manifestou-se via Twitter, mas manteve postura cr\u00edtica frente o governador ga\u00facho e suas posi\u00e7\u00f5es no campo pol\u00edtico. \u201cE qual \u00e9 mesmo o problema de ser um \u2018gay governador\u2019? O reposicionamento pol\u00edtico feito (assumir-se agora e s\u00f3 agora) em fun\u00e7\u00e3o da for\u00e7a do movimento LGBTQ \u00e9 bacana; mas essa subsequente \u201climpeza\u201d da identidade em nome do suposto m\u00e9rito individual \u00e9 um equ\u00edvoco\u201d, apontou.<\/p>\n<p>Ao manifestar \u201csororidade cr\u00edtica\u201d ao governador ga\u00facho, Willys relembrou que na \u00faltima elei\u00e7\u00e3o Leite apoiou o candidato racista e homof\u00f3bico Jair Bolsonaro:<em>&nbsp;\u201cAp\u00f3s o sil\u00eancio diante de todo horror vivido pela comunidade LGBTQ assumida nesse pa\u00eds, no m\u00ednimo devemos receber com alguma consci\u00eancia cr\u00edtica a sa\u00edda do arm\u00e1rio do governador.\u201d<\/em><\/p>\n<p>Lideran\u00e7a vinculada ao PT e historicamente envolvida com a pauta LGBTQIA+, a deputada federal Maria do Ros\u00e1rio ressaltou que o posicionamento de Leite deve ser respeitado e saudado por refor\u00e7ar a luta contra o preconceito, at\u00e9 mesmo superando as diverg\u00eancias de orienta\u00e7\u00e3o ideol\u00f3gicas neste momento.<\/p>\n<p><em>\u201cO governador Eduardo Leite decidiu afirmar sua identidade como gay. Contribui dessa forma para enfrentar discrimina\u00e7\u00f5es e preconceitos. Eu o cumprimento e abra\u00e7o. Posi\u00e7\u00f5es pol\u00edticas distintas n\u00e3o me impedem de reconhecer que seu gesto contribui para um Brasil sem #lgbtfobia\u201d<\/em>, manifestou a deputada nas redes sociais.<\/p>\n<p>&nbsp;<\/p>\n<p><em>*Brasil de Fato RS<\/em><\/p>","protected":false},"excerpt":{"rendered":"<p>A participa\u00e7\u00e3o do governador do Rio Grande do Sul, Eduardo Leite (PSDB), no programa de entrevistas de Pedro Bial, exibido na madrugada desta sexta-feira (2), na Rede Globo foi al\u00e9m&#8230;<\/p>","protected":false},"author":2,"featured_media":48721,"comment_status":"open","ping_status":"closed","sticky":false,"template":"","format":"standard","meta":{"ngg_post_thumbnail":0,"footnotes":""},"categories":[33],"tags":[4105,6165,5355,1192],"class_list":["post-48719","post","type-post","status-publish","format-standard","has-post-thumbnail","hentry","category-noticias","tag-eduardo-leite","tag-governador-do-rio-grande-do-sul","tag-governador-eduardo-leite","tag-rio-grande-do-sul"],"amp_enabled":true,"_links":{"self":[{"href":"https:\/\/www2.comunitaria.com.br\/en\/wp-json\/wp\/v2\/posts\/48719","targetHints":{"allow":["GET"]}}],"collection":[{"href":"https:\/\/www2.comunitaria.com.br\/en\/wp-json\/wp\/v2\/posts"}],"about":[{"href":"https:\/\/www2.comunitaria.com.br\/en\/wp-json\/wp\/v2\/types\/post"}],"author":[{"embeddable":true,"href":"https:\/\/www2.comunitaria.com.br\/en\/wp-json\/wp\/v2\/users\/2"}],"replies":[{"embeddable":true,"href":"https:\/\/www2.comunitaria.com.br\/en\/wp-json\/wp\/v2\/comments?post=48719"}],"version-history":[{"count":0,"href":"https:\/\/www2.comunitaria.com.br\/en\/wp-json\/wp\/v2\/posts\/48719\/revisions"}],"wp:featuredmedia":[{"embeddable":true,"href":"https:\/\/www2.comunitaria.com.br\/en\/wp-json\/wp\/v2\/media\/48721"}],"wp:attachment":[{"href":"https:\/\/www2.comunitaria.com.br\/en\/wp-json\/wp\/v2\/media?parent=48719"}],"wp:term":[{"taxonomy":"category","embeddable":true,"href":"https:\/\/www2.comunitaria.com.br\/en\/wp-json\/wp\/v2\/categories?post=48719"},{"taxonomy":"post_tag","embeddable":true,"href":"https:\/\/www2.comunitaria.com.br\/en\/wp-json\/wp\/v2\/tags?post=48719"}],"curies":[{"name":"wp","href":"https:\/\/api.w.org\/{rel}","templated":true}]}}